[{"@context":"https:\/\/schema.org\/","@type":"Article","@id":"https:\/\/www.veflex.cz\/zrizujeme-pro-vas-nejenom-sidla-firmy-ale-take-virtualni-kancelare\/#Article","mainEntityOfPage":"https:\/\/www.veflex.cz\/zrizujeme-pro-vas-nejenom-sidla-firmy-ale-take-virtualni-kancelare\/","headline":"Z\u0159izujeme pro V\u00e1s nejenom s\u00eddla firmy, ale tak\u00e9 virtu\u00e1ln\u00ed kancel\u00e1\u0159e","name":"Z\u0159izujeme pro V\u00e1s nejenom s\u00eddla firmy, ale tak\u00e9 virtu\u00e1ln\u00ed kancel\u00e1\u0159e","description":"Standardn\u00ed slu\u017eby i nadstandardn\u00ed servis si m\u016f\u017eete objednat v souvislosti s nov\u00fdm term\u00ednem, j\u00edm\u017e je virtu\u00e1ln\u00ed kancel\u00e1\u0159. Ud\u011blejte si \u010das na sezn\u00e1men\u00ed se s obsahem slu\u017eby, jakou je virtu\u00e1ln\u00ed kancel\u00e1\u0159. Vyu\u017eijte perspektivn\u00ed nab\u00eddky renomovan\u00e9 spole\u010dnosti, kter\u00e1 V\u00e1m nab\u00edz\u00ed nejen ide\u00e1ln\u00ed stabilitu pro administrativn\u00ed \u010dinnosti, ale tak\u00e9 se ujme ve\u0161ker\u00fdch z\u00e1le\u017eitost\u00ed, kter\u00e9 souvisej\u00ed se z\u00e1pisem do [&hellip;]","datePublished":"2025-02-05","dateModified":"2025-02-05","author":{"@type":"Person","@id":"https:\/\/www.veflex.cz\/author\/#Person","name":"","url":"https:\/\/www.veflex.cz\/author\/","identifier":1,"image":{"@type":"ImageObject","@id":"https:\/\/secure.gravatar.com\/avatar\/670235c08005d2f1b80a3d56a421809661de47ce0289bd1c93d0120f6ef211a4?s=96&d=mm&r=g","url":"https:\/\/secure.gravatar.com\/avatar\/670235c08005d2f1b80a3d56a421809661de47ce0289bd1c93d0120f6ef211a4?s=96&d=mm&r=g","height":96,"width":96}},"publisher":{"@type":"Organization","name":"veflex.cz","logo":{"@type":"ImageObject","@id":"\/logo.png","url":"\/logo.png","width":600,"height":60}},"url":"https:\/\/www.veflex.cz\/zrizujeme-pro-vas-nejenom-sidla-firmy-ale-take-virtualni-kancelare\/","wordCount":147,"articleBody":"Standardn\u00ed slu\u017eby i nadstandardn\u00ed servis si m\u016f\u017eete objednat v souvislosti s nov\u00fdm term\u00ednem, j\u00edm\u017e je virtu\u00e1ln\u00ed kancel\u00e1\u0159.Ud\u011blejte si \u010das na sezn\u00e1men\u00ed se s obsahem slu\u017eby, jakou je virtu\u00e1ln\u00ed kancel\u00e1\u0159. Vyu\u017eijte perspektivn\u00ed nab\u00eddky renomovan\u00e9 spole\u010dnosti, kter\u00e1 V\u00e1m nab\u00edz\u00ed nejen ide\u00e1ln\u00ed stabilitu pro administrativn\u00ed \u010dinnosti, ale tak\u00e9 se ujme ve\u0161ker\u00fdch z\u00e1le\u017eitost\u00ed, kter\u00e9 souvisej\u00ed se z\u00e1pisem do obchodn\u00edho rejst\u0159\u00edku a dal\u0161\u00edch p\u0159\u00edbuzn\u00fdch legislativn\u00edch akt\u016f. Pro v\u00edce informac\u00ed nen\u00ed nic jednodu\u0161\u0161\u00edho ne\u017e kontaktovat z\u00e1kaznick\u00e9 centrum specializovan\u00e9 firmy, kter\u00e1 se po V\u00e1s ve v\u0161ech sm\u011brech perfektn\u011b postar\u00e1.Vzorn\u00e1 administrativn\u00ed p\u00e9\u010deSpeci\u00e1ln\u00ed virtu\u00e1ln\u00ed kancel\u00e1\u0159 je p\u0159ipravena ihned k pou\u017eit\u00ed. Sta\u010d\u00ed pouze kontaktovat provozovatele a za\u010d\u00edt profitovat z jej\u00edch v\u00fdhod.                                                                                                                                                                                                                                                                                                                                                                                        4.7\/5 - (4 votes)        "},{"@context":"https:\/\/schema.org\/","@type":"BreadcrumbList","itemListElement":[{"@type":"ListItem","position":1,"name":"Z\u0159izujeme pro V\u00e1s nejenom s\u00eddla firmy, ale tak\u00e9 virtu\u00e1ln\u00ed kancel\u00e1\u0159e","item":"https:\/\/www.veflex.cz\/zrizujeme-pro-vas-nejenom-sidla-firmy-ale-take-virtualni-kancelare\/#breadcrumbitem"}]}]