[{"@context":"https:\/\/schema.org\/","@type":"Article","@id":"https:\/\/www.veflex.cz\/taska-pres-rameno\/#Article","mainEntityOfPage":"https:\/\/www.veflex.cz\/taska-pres-rameno\/","headline":"Ta\u0161ka p\u0159es rameno","name":"Ta\u0161ka p\u0159es rameno","description":"L\u00e1tkov\u00e9 ta\u0161ky p\u0159es rameno maj\u00ed svou dlouhou historii, ale ani dnes zcela jist\u011b nepat\u0159\u00ed do star\u00e9ho \u017eeleza. Vzhledem k \u010d\u00edm d\u00e1l v\u011bt\u0161\u00edmu ohro\u017een\u00ed na\u0161\u00ed planety ekologick\u00fdmi katastrofami a p\u0159ehlcen\u00edm mnoha neekologick\u00fdmi v\u011bcmi a odpady stoup\u00e1 tak\u00e9 popt\u00e1vka po co nejp\u0159\u00edrodn\u011bj\u0161\u00edch variant\u00e1ch. A l\u00e1tkov\u00e1 ta\u0161ka nam\u00edsto igelitek a s\u00e1\u010dk\u016f na p\u00e1r pou\u017eit\u00ed je skv\u011bl\u00fdm \u0159e\u0161en\u00edm. Nejedn\u00e1 [&hellip;]","datePublished":"2025-11-03","dateModified":"2025-11-03","author":{"@type":"Person","@id":"https:\/\/www.veflex.cz\/author\/#Person","name":"","url":"https:\/\/www.veflex.cz\/author\/","identifier":1,"image":{"@type":"ImageObject","@id":"https:\/\/secure.gravatar.com\/avatar\/670235c08005d2f1b80a3d56a421809661de47ce0289bd1c93d0120f6ef211a4?s=96&d=mm&r=g","url":"https:\/\/secure.gravatar.com\/avatar\/670235c08005d2f1b80a3d56a421809661de47ce0289bd1c93d0120f6ef211a4?s=96&d=mm&r=g","height":96,"width":96}},"publisher":{"@type":"Organization","name":"veflex.cz","logo":{"@type":"ImageObject","@id":"\/logo.png","url":"\/logo.png","width":600,"height":60}},"image":{"@type":"ImageObject","@id":"https:\/\/www.veflex.cz\/wp-content\/uploads\/man-3244702_640_1.jpg","url":"https:\/\/www.veflex.cz\/wp-content\/uploads\/man-3244702_640_1.jpg","height":0,"width":0},"url":"https:\/\/www.veflex.cz\/taska-pres-rameno\/","about":["N\u00e1kupy"],"wordCount":429,"articleBody":"       L\u00e1tkov\u00e9 ta\u0161ky p\u0159es rameno maj\u00ed svou dlouhou historii, ale ani dnes zcela jist\u011b nepat\u0159\u00ed do star\u00e9ho \u017eeleza. Vzhledem k \u010d\u00edm d\u00e1l v\u011bt\u0161\u00edmu ohro\u017een\u00ed na\u0161\u00ed planety ekologick\u00fdmi katastrofami a p\u0159ehlcen\u00edm mnoha neekologick\u00fdmi v\u011bcmi a odpady stoup\u00e1 tak\u00e9 popt\u00e1vka po co nejp\u0159\u00edrodn\u011bj\u0161\u00edch variant\u00e1ch. A l\u00e1tkov\u00e1 ta\u0161ka nam\u00edsto igelitek a s\u00e1\u010dk\u016f na p\u00e1r pou\u017eit\u00ed je skv\u011bl\u00fdm \u0159e\u0161en\u00edm. Nejedn\u00e1 se sice o velk\u00fd skok pro spole\u010dnost, ale alespo\u0148 jde o jeden z m\u00e1la kr\u016f\u010dk\u016f, kter\u00e9 m\u016f\u017eeme sami za sebe ud\u011blat. L\u00e1tkov\u00e1 ta\u0161ka je skv\u011bl\u00fdm pomocn\u00edkem v mnoha denn\u00edch situac\u00edch a z\u00e1rove\u0148 se m\u016f\u017ee jednat o p\u011bkn\u00fd m\u00f3dn\u00ed dopln\u011bk a origin\u00e1ln\u00ed kousek, kter\u00fd upout\u00e1 zraky ostatn\u00edch lid\u00ed a z\u00e1rove\u0148 n\u011bco vypov\u00ed o va\u0161em vkusu, z\u00e1jmech \u010di n\u00e1zorech.Ta\u0161ky z l\u00e1tky se\u017eenete ve v\u0161ech libovoln\u00fdch barv\u00e1ch, velikostech, vzorech, s r\u016fzn\u00fdmi pou\u017eit\u00fdmi technikami \u0161i\u0159\u00ed, vy\u0161\u00edv\u00e1n\u00ed, h\u00e1\u010dkov\u00e1n\u00ed i pali\u010dkov\u00e1n\u00ed a s mnoha zaj\u00edmav\u00fdmi, v\u00fdsti\u017en\u00fdmi a vtipn\u00fdmi texty nebo obr\u00e1zky. Do l\u00e1tkov\u00e9 ta\u0161ky m\u016f\u017eete uschov\u00e1vat v\u011bci ve sk\u0159\u00edni, vkl\u00e1dat do n\u00ed n\u00e1kup potravin, drogerie, oble\u010den\u00ed i knihy a pap\u00edrensk\u00e9 pot\u0159eby. Kvalitn\u00ed ta\u0161ka unese i mnohakilovou z\u00e1t\u011b\u017e, a i p\u0159esto se nese nesrovnateln\u011b pohodln\u011bji ne\u017e plastov\u00e1 igelitka. L\u00e1tkov\u00e1 ta\u0161ka m\u016f\u017ee b\u00fdt dobr\u00fdm \u00fakrytem pro cokoliv, co pot\u0159ebujete m\u00edt st\u00e1le p\u0159i ruce a jednodu\u0161e to vyt\u00e1hnout bez rozep\u00edn\u00e1n\u00ed kabelky \u010di batohu. Z tolika vyjmenovan\u00fdch v\u00fdhod lze usoudit, \u017ee takov\u00e1 ta\u0161ka se m\u016f\u017ee velmi dob\u0159e hodit i jako d\u00e1rek nebo reklamn\u00ed p\u0159edm\u011bt va\u0161\u00ed firmy. Od reklamn\u00edch p\u0159edm\u011bt\u016f se v posledn\u00edch letech do jist\u00e9 m\u00edry upou\u0161t\u00ed. Ani jim ale zat\u00edm je\u0161t\u011b neodzvonilo, proto\u017ee firmy st\u00e1le pot\u0159ebuj\u00ed sh\u00e1n\u011bt a l\u00e1kat nov\u00e9 z\u00e1kazn\u00edky a d\u00e1rky tomu hodn\u011b napom\u00e1haj\u00ed. Nechejte si vytvo\u0159it reklamn\u00ed ta\u0161ku https:\/\/www.promodarky.cz\/kategorie\/reklamni-predmety\/nakupni-tasky\/ v podob\u011b, kter\u00e1 podle v\u00e1s bude nejv\u00edce odpov\u00eddat vkusu va\u0161ich potenci\u00e1ln\u00edch z\u00e1kazn\u00edk\u016f a dosta\u0148te jm\u00e9no sv\u00e9 firmy do podv\u011bdom\u00ed lid\u00ed.                                                                                                                                                                                                                                                                                                                                                                                          4.3\/5 - (3 votes)        "},{"@context":"https:\/\/schema.org\/","@type":"BreadcrumbList","itemListElement":[{"@type":"ListItem","position":1,"name":"Ta\u0161ka p\u0159es rameno","item":"https:\/\/www.veflex.cz\/taska-pres-rameno\/#breadcrumbitem"}]}]