[{"@context":"https:\/\/schema.org\/","@type":"Article","@id":"https:\/\/www.veflex.cz\/strach-ze-vcel\/#Article","mainEntityOfPage":"https:\/\/www.veflex.cz\/strach-ze-vcel\/","headline":"Strach ze v\u010del","name":"Strach ze v\u010del","description":"Vzpom\u00edn\u00e1m si, \u017ee m\u016fj bratr si jednou\u00a0k n\u00e1m na zahradu donesl v\u010dely. Byly to dva\u00a0roje, ani nev\u00edte, jak moc jsem z toho byla ne\u0161\u0165astn\u00e1, proto\u017ee jsem se opravdu hodn\u011b b\u00e1la v\u010del. Netu\u0161ila jsem, co m\u00e1m d\u011blat anebo vlastn\u011b jak se chovat p\u0159ed v\u010delami. \u0158ekla jsem si, \u017ee asi bude nejlep\u0161\u00ed, kdy\u017e vlastn\u011b budu ticho a [&hellip;]","datePublished":"2024-07-31","dateModified":"2024-07-31","author":{"@type":"Person","@id":"https:\/\/www.veflex.cz\/author\/#Person","name":"","url":"https:\/\/www.veflex.cz\/author\/","identifier":1,"image":{"@type":"ImageObject","@id":"https:\/\/secure.gravatar.com\/avatar\/670235c08005d2f1b80a3d56a421809661de47ce0289bd1c93d0120f6ef211a4?s=96&d=mm&r=g","url":"https:\/\/secure.gravatar.com\/avatar\/670235c08005d2f1b80a3d56a421809661de47ce0289bd1c93d0120f6ef211a4?s=96&d=mm&r=g","height":96,"width":96}},"publisher":{"@type":"Organization","name":"veflex.cz","logo":{"@type":"ImageObject","@id":"\/logo.png","url":"\/logo.png","width":600,"height":60}},"image":{"@type":"ImageObject","@id":"https:\/\/www.veflex.cz\/wp-content\/uploads\/bee-3454075_1280.jpg","url":"https:\/\/www.veflex.cz\/wp-content\/uploads\/bee-3454075_1280.jpg","height":0,"width":0},"url":"https:\/\/www.veflex.cz\/strach-ze-vcel\/","about":["Zv\u00ed\u0159ata"],"wordCount":477,"articleBody":"Vzpom\u00edn\u00e1m si, \u017ee m\u016fj bratr si jednou\u00a0k n\u00e1m na zahradu donesl v\u010dely. Byly to dva\u00a0roje, ani nev\u00edte, jak moc jsem z toho byla ne\u0161\u0165astn\u00e1, proto\u017ee jsem se opravdu hodn\u011b b\u00e1la v\u010del. Netu\u0161ila jsem, co m\u00e1m d\u011blat anebo vlastn\u011b jak se chovat p\u0159ed v\u010delami. \u0158ekla jsem si, \u017ee asi bude nejlep\u0161\u00ed, kdy\u017e vlastn\u011b budu ticho a t\u0159eba n\u011bkomu nebudu nic \u0159\u00edkat, \u017ee se boj\u00edm v\u010del, proto\u017ee bratr byl takov\u00fd, \u017ee by\u00a0si ze m\u011b d\u011blal st\u00e1le jenom srandu a \u017ee by klidn\u011b chytil n\u011bjakou v\u010delu do n\u011bjak\u00e9ho s\u00e1\u010dku a potom by ji na m\u011b vypustil. \u00dapln\u011b toho\u00a0jsem se b\u00e1la, ale bohu\u017eel jsem s t\u00edm nic nemohla nad\u011blat, proto\u017ee m\u016fj bratr to m\u011bl dovolen\u00e9 u\u017e od soused\u016f a tak\u00e9 od m\u00fdch rodi\u010d\u016f. Tak\u017ee jsem opravdu musela b\u00fdt ticho a d\u011blat, \u017ee se t\u011bch v\u010del v\u016fbec neboj\u00edm. Ale tak\u00e9 m\u00e1te respekt anebo strach ze v\u010del? J\u00e1 opravdu hodn\u011b. V\u016fbec si nedok\u00e1\u017ei\u00a0p\u0159edstavit, \u017ee je n\u011bkdo v\u010dela\u0159 a \u017ee norm\u00e1ln\u011b chod\u00ed a\u017e k \u00fal\u016fm a tak podobn\u011b, \u017ee norm\u00e1ln\u011b sah\u00e1 na v\u010dely. Nev\u00edm, jak bych se asi zachovala, kdyby m\u011b t\u0159eba n\u011bjak\u00e1 v\u010dela \u0161t\u00edpla, tedy ano, u\u017e m\u011b n\u011bkolik v\u010del za m\u016fj \u017eivot \u0161t\u00edplo, ale nev\u00edm, kdy naposledy a mo\u017en\u00e1 si\u00a0to ani v\u016fbec nepamatuji. Mo\u017en\u00e1 jsem t\u0159eba dokonce z toho i omdlela, ale mo\u017en\u00e1 ani ne. V\u016fbec si tohle nepamatuji. Moji rodi\u010de mi \u0159ekli, \u017ee si v\u016fbec nepamatuji, kdy m\u011b naposledy \u0161t\u00edpla v\u010dela nebo vosa.J\u00e1 si tohle tak\u00e9 nepamatuji, a proto si \u0159\u00edk\u00e1m, \u017ee to mus\u00ed ur\u010dit\u011b hodn\u011b bolet, tedy alespo\u0148 ka\u017ed\u00fd mi \u0159\u00edkal, \u017ee \u0161t\u00edpnut\u00ed od v\u010dely opravdu hodn\u011b bol\u00ed. A pr\u00e1v\u011b toho se boj\u00edm. Mysl\u00edm si, \u017ee bych m\u011bla strach a asi bych omdlela. A pr\u00fd je nejhor\u0161\u00ed, ne\u017e se ta v\u010dela zap\u00edchne, \u017ee v\u00e1m prvn\u011b v\u0161ude leze po k\u016f\u017ei anebo bzu\u010d\u00ed ve vlasech a potom v\u00e1s \u0161t\u00edpne. Podle m\u00e9ho n\u00e1zoru to mus\u00ed b\u00fdt opravdu hrozn\u00fd pocit a \u010dekat, ne\u017e v\u00e1s n\u011bco \u0161t\u00edpne. Takhle to \u0159\u00edkal v\u017edycky m\u016fj d\u011bde\u010dek. M\u016fj d\u011bde\u010dek byl tak\u00e9 v\u010dela\u0159 a \u0159\u00edkal, \u017ee ho tolikr\u00e1t \u0161t\u00edpla v\u010dela za \u017eivot, \u017ee by to ani nespo\u010d\u00edtal, \u017ee pr\u00fd to byly tis\u00edce\u00a0v\u010del.\u00a0J\u00e1 tomuhle ale v\u011b\u0159\u00edm, proto\u017ee d\u011bde\u010dek opravdu v\u010dela\u0159il t\u00e9m\u011b\u0159 pades\u00e1t let.\u00a0                                                                                                                                                                                                                                                                                                                                                                                        4.8\/5 - (6 votes)        "},{"@context":"https:\/\/schema.org\/","@type":"BreadcrumbList","itemListElement":[{"@type":"ListItem","position":1,"name":"Strach ze v\u010del","item":"https:\/\/www.veflex.cz\/strach-ze-vcel\/#breadcrumbitem"}]}]