[{"@context":"https:\/\/schema.org\/","@type":"Article","@id":"https:\/\/www.veflex.cz\/sluzby-na-miru\/#Article","mainEntityOfPage":"https:\/\/www.veflex.cz\/sluzby-na-miru\/","headline":"Slu\u017eby na m\u00edru","name":"Slu\u017eby na m\u00edru","description":"\u010casto si \u0159\u00edk\u00e1te, \u017ee byste je\u0161t\u011b p\u0159ed st\u011bhov\u00e1n\u00edm m\u011bli naj\u00edt n\u011bjak\u00fd obchod, ve kter\u00e9m byste pozd\u011bji na\u0161li v\u0161e, co budete pot\u0159ebovat koupit? V\u00edte, \u017ee se v\u00e1m bude hodit n\u011bjak\u00fd nov\u00fd koberec, podlaha nebo PVC a cht\u011bli byste objevit specializovan\u00fd obchod, ve kter\u00e9m by v\u00e1m takov\u00e9 produkty dok\u00e1zali nab\u00eddnout? Potom bychom v\u00e1m tedy r\u00e1di p\u0159edstavili na\u0161i [&hellip;]","datePublished":"2024-10-23","dateModified":"2024-10-23","author":{"@type":"Person","@id":"https:\/\/www.veflex.cz\/author\/#Person","name":"","url":"https:\/\/www.veflex.cz\/author\/","identifier":1,"image":{"@type":"ImageObject","@id":"https:\/\/secure.gravatar.com\/avatar\/670235c08005d2f1b80a3d56a421809661de47ce0289bd1c93d0120f6ef211a4?s=96&d=mm&r=g","url":"https:\/\/secure.gravatar.com\/avatar\/670235c08005d2f1b80a3d56a421809661de47ce0289bd1c93d0120f6ef211a4?s=96&d=mm&r=g","height":96,"width":96}},"publisher":{"@type":"Organization","name":"veflex.cz","logo":{"@type":"ImageObject","@id":"\/logo.png","url":"\/logo.png","width":600,"height":60}},"url":"https:\/\/www.veflex.cz\/sluzby-na-miru\/","wordCount":248,"articleBody":"\u010casto si \u0159\u00edk\u00e1te, \u017ee byste je\u0161t\u011b p\u0159ed st\u011bhov\u00e1n\u00edm m\u011bli naj\u00edt n\u011bjak\u00fd obchod, ve kter\u00e9m byste pozd\u011bji na\u0161li v\u0161e, co budete pot\u0159ebovat koupit? V\u00edte, \u017ee se v\u00e1m bude hodit n\u011bjak\u00fd nov\u00fd koberec, podlaha nebo PVC a cht\u011bli byste objevit specializovan\u00fd obchod, ve kter\u00e9m by v\u00e1m takov\u00e9 produkty dok\u00e1zali nab\u00eddnout? Potom bychom v\u00e1m tedy r\u00e1di p\u0159edstavili na\u0161i pra\u017eskou prodejnu, ve kter\u00e9 najdete v\u0161echny v\u00fd\u0161e zm\u00edn\u011bn\u00e9 produkty a budete si moci vybrat to nejlep\u0161\u00ed, p\u0159esn\u011b podle va\u0161ich p\u0159edstav. Jsou tu pro v\u00e1s koberce metr\u00e1\u017e a \u0161irok\u00fd v\u00fdb\u011br kvalitn\u00edch produkt\u016f!Obra\u0165te se na n\u00e1sPokud p\u0159em\u00fd\u0161l\u00edte o cen\u00e1ch, ur\u010dit\u011b se nemus\u00edte b\u00e1t, proto\u017ee v r\u00e1mci kvalitn\u00edch slu\u017eeb nab\u00edz\u00edme sv\u00e9 produkty za skv\u011bl\u00e9 ceny. A co kdy\u017e budete m\u00edt n\u011bjak\u00fd speci\u00e1ln\u00ed po\u017eadavek? Pokud budete pot\u0159ebovat jin\u00fd rozm\u011br, ne\u017e nab\u00edz\u00edme nebo budete cht\u00edt jinak produkt upravit, ur\u010dit\u011b se n\u00e1s nebojte zeptat, proto\u017ee se zab\u00fdv\u00e1me i speci\u00e1ln\u00edmi zak\u00e1zkami, abychom splnili v\u0161echna va\u0161e p\u0159\u00e1n\u00ed. Nab\u00eddka je skute\u010dn\u011b \u0161irok\u00e1, tak\u017ee nev\u00e1hejte a vyb\u00edrejte podle sv\u00fdch p\u0159edstav, abyste si upravili perfektn\u011b sv\u016fj interi\u00e9r.                                                                                                                                                                                                                                                                                                                                                                                        3.7\/5 - (4 votes)        "},{"@context":"https:\/\/schema.org\/","@type":"BreadcrumbList","itemListElement":[{"@type":"ListItem","position":1,"name":"Slu\u017eby na m\u00edru","item":"https:\/\/www.veflex.cz\/sluzby-na-miru\/#breadcrumbitem"}]}]