[{"@context":"https:\/\/schema.org\/","@type":"Article","@id":"https:\/\/www.veflex.cz\/sedaci-vaky-pro-deti\/#Article","mainEntityOfPage":"https:\/\/www.veflex.cz\/sedaci-vaky-pro-deti\/","headline":"Sedac\u00ed vaky pro d\u011bti","name":"Sedac\u00ed vaky pro d\u011bti","description":"Sedac\u00ed vaky DUO nejsou pouze jednobarevn\u00e9, ale dovedou m\u011bnit barvy jako \u017e\u00e1dn\u00e9 jin\u00e9 vaky, tedy zapadnou snad do ka\u017ed\u00e9ho pokoje, kam je um\u00edst\u00edte. P\u0159esn\u011bji \u0159e\u010deno, do dvou pokoj\u016f odli\u0161n\u00e9 barvy. S prostorem na um\u00edst\u011bn\u00ed vaku si hlavu l\u00e1mat nemus\u00edte, vak se zl\u00e1me za v\u00e1s v jak\u00e9mkoliv m\u00edst\u011b si budete p\u0159\u00e1t. Desing vaku z\u016fst\u00e1v\u00e1 po l\u00e9ta [&hellip;]","datePublished":"2021-10-10","dateModified":"2023-05-11","author":{"@type":"Person","@id":"https:\/\/www.veflex.cz\/author\/#Person","name":"","url":"https:\/\/www.veflex.cz\/author\/","identifier":1,"image":{"@type":"ImageObject","@id":"https:\/\/secure.gravatar.com\/avatar\/670235c08005d2f1b80a3d56a421809661de47ce0289bd1c93d0120f6ef211a4?s=96&d=mm&r=g","url":"https:\/\/secure.gravatar.com\/avatar\/670235c08005d2f1b80a3d56a421809661de47ce0289bd1c93d0120f6ef211a4?s=96&d=mm&r=g","height":96,"width":96}},"publisher":{"@type":"Organization","name":"veflex.cz","logo":{"@type":"ImageObject","@id":"\/logo.png","url":"\/logo.png","width":600,"height":60}},"image":{"@type":"ImageObject","@id":"https:\/\/www.veflex.cz\/wp-content\/uploads\/sedac%C3%AD%20vak_10_7.png","url":"https:\/\/www.veflex.cz\/wp-content\/uploads\/sedac%C3%AD%20vak_10_7.png","height":0,"width":0},"url":"https:\/\/www.veflex.cz\/sedaci-vaky-pro-deti\/","about":["N\u00e1kupy"],"wordCount":443,"articleBody":"    Sedac\u00ed vaky DUO nejsou pouze jednobarevn\u00e9, ale dovedou m\u011bnit barvy jako \u017e\u00e1dn\u00e9 jin\u00e9 vaky, tedy zapadnou snad do ka\u017ed\u00e9ho pokoje, kam je um\u00edst\u00edte. P\u0159esn\u011bji \u0159e\u010deno, do dvou pokoj\u016f odli\u0161n\u00e9 barvy. S prostorem na um\u00edst\u011bn\u00ed vaku si hlavu l\u00e1mat nemus\u00edte, vak se zl\u00e1me za v\u00e1s v jak\u00e9mkoliv m\u00edst\u011b si budete p\u0159\u00e1t. Desing vaku z\u016fst\u00e1v\u00e1 po l\u00e9ta skoro nem\u011bnn\u00fd, nicm\u00e9n\u011b na vaku DUO beanbag si zamilujete jeho prakti\u010dnost, uchovanou tradi\u010dnost a inovaci v postupu jeho tvorby, d\u00edky kter\u00e9 se st\u00e1v\u00e1 mimo\u0159\u00e1dn\u011b odoln\u00fdm.Podobn\u011b jako vodn\u00ed postel, se Beanbag py\u0161n\u00ed p\u0159ilnavost\u00ed pro p\u00e1te\u0159, krk nebo bedra, \u010dili nemus\u00edte po\u0159izovat sv\u00fdm mil\u00fdm, nebo v\u00e1m samotn\u00fdm, p\u0159edra\u017een\u00e9 zdravotn\u00ed v\u00fdztu\u017ee na m\u00edru. Sedac\u00ed vak pro d\u011bti  se d\u00e1 um\u00edstit do r\u016fzn\u00fdch k\u0159esel, gau\u010d\u016f nebo dokonce baz\u00e9nu. Jeho speci\u00e1ln\u00ed proveden\u00ed zabra\u0148uje p\u0159i protrhnut\u00ed \u00fanik n\u00e1pln\u011b do baz\u00e9n\u016f \u010di v\u00ed\u0159ivek, net\u0159eba m\u00edt tedy strach \u017ee budete muset pl\u00fdtvat vodou kv\u016fli r\u016fznorod\u00fdm nedopat\u0159en\u00edm. V p\u0159\u00edpad\u011b probodnut\u00ed vaku se tak\u00e9 nemus\u00edte b\u00e1t, \u017ee by jeho obsah mohl otr\u00e1vit va\u0161i ratolest, v\u00e1s samotn\u00e9 nebo nezbedn\u00e9ho mazl\u00ed\u010dka, jeliko\u017e jsou napln\u011bny polystyr\u00e9nov\u00fdmi kuli\u010dkami, kter\u00e9 pro\u0161ly zdravotn\u00ed nez\u00e1vadnost pro d\u011bti do t\u0159\u00ed let, tak\u017ee i pro v\u00e1s, \u010dten\u00e1\u0159e. Trojd\u00edln\u00e9 zap\u00edn\u00e1n\u00ed zaru\u010duje mnoho pr\u00e1ce p\u0159i vysyp\u00e1v\u00e1n\u00ed kuli\u010dek, nejste-li sezn\u00e1meni s manu\u00e1lem. P\u0159i n\u00e1vratu dom\u016f se v\u00e1m tedy nezvrtne noha na jedn\u00e9 z tis\u00edce mal\u00fdch kuli\u010dek.N\u00e1pln\u011b (kuli\u010dky) jsou voln\u011b dokoupiteln\u00e9, p\u0159\u00edmo na na\u0161em internetov\u00e9m obchod\u011b. Mno\u017estv\u00ed v\u00fdpln\u011b se samoz\u0159ejm\u011b odvozuje od velikosti vak\u016f, v\u00fdhodou ale je, \u017ee si vak m\u016f\u017eete mno\u017estv\u00edm v\u00fdpln\u011b upravovat podle po\u017eadavk\u016f vlastn\u00edho t\u011bla a chut\u011b. V neposledn\u00ed \u0159ad\u011b mus\u00edm zm\u00ednit popruhy, kter\u00e9 z vaku d\u011blaj\u00ed neskute\u010dn\u00e9ho pomocn\u00edka pro majitele mal\u00fdch d\u011bt\u00ed kter\u00e9 neposed\u00ed ani chvilku bez dozoru. P\u0159i spr\u00e1vn\u00e9m upnut\u00ed lze z vaku ud\u011blat \u201ed\u011btskou seda\u010dku do ob\u00fdv\u00e1ku\u201c a obecn\u011b by se dal pova\u017eovat za neoceniteln\u00e9ho spole\u010dn\u00edka p\u0159i v\u011bt\u0161in\u011b aktivit, od st\u011bhov\u00e1n\u00ed, p\u0159es oslavu narozenin, po poklidn\u00e9 posezen\u00ed u televize \u010di knihy.                                                                                                                                                                                                                                                                                                                                                                                          5\/5 - (2 votes)        "},{"@context":"https:\/\/schema.org\/","@type":"BreadcrumbList","itemListElement":[{"@type":"ListItem","position":1,"name":"Sedac\u00ed vaky pro d\u011bti","item":"https:\/\/www.veflex.cz\/sedaci-vaky-pro-deti\/#breadcrumbitem"}]}]