[{"@context":"https:\/\/schema.org\/","@type":"Article","@id":"https:\/\/www.veflex.cz\/proc-vecer-meditovat\/#Article","mainEntityOfPage":"https:\/\/www.veflex.cz\/proc-vecer-meditovat\/","headline":"Pro\u010d ve\u010der meditovat","name":"Pro\u010d ve\u010der meditovat","description":"Ve\u010dern\u00ed ritu\u00e1ly v\u00e1s zbav\u00ed ve\u0161ker\u00e9ho stresu, kter\u00fd se b\u011bhem dne na v\u00e1s nahromad\u00ed. Zvl\u00e1dnete pot\u00e9 l\u00e9pe vst\u0159ebat v\u0161echny informace, zamyslet se nad v\u00fdsledkem a vymyslet, jak probl\u00e9my vy\u0159e\u0161it. Nav\u00edc v\u00e1s nebudou d\u011bsit ve snech, nebudete se v noci ze stresu budit a v\u00e1\u0161 \u017eivotn\u00ed styl bude na \u00fapln\u011b jin\u00e9 \u00farovni.&#13; &#13; D\u016fle\u017eit\u00e9 je vyu\u017e\u00edt meditaci [&hellip;]","datePublished":"2019-08-12","dateModified":"2023-05-11","author":{"@type":"Person","@id":"https:\/\/www.veflex.cz\/author\/#Person","name":"","url":"https:\/\/www.veflex.cz\/author\/","identifier":1,"image":{"@type":"ImageObject","@id":"https:\/\/secure.gravatar.com\/avatar\/670235c08005d2f1b80a3d56a421809661de47ce0289bd1c93d0120f6ef211a4?s=96&d=mm&r=g","url":"https:\/\/secure.gravatar.com\/avatar\/670235c08005d2f1b80a3d56a421809661de47ce0289bd1c93d0120f6ef211a4?s=96&d=mm&r=g","height":96,"width":96}},"publisher":{"@type":"Organization","name":"veflex.cz","logo":{"@type":"ImageObject","@id":"\/logo.png","url":"\/logo.png","width":600,"height":60}},"image":{"@type":"ImageObject","@id":"https:\/\/www.veflex.cz\/wp-content\/uploads\/img_a352913_w3303_t1567260491.jpg","url":"https:\/\/www.veflex.cz\/wp-content\/uploads\/img_a352913_w3303_t1567260491.jpg","height":0,"width":0},"url":"https:\/\/www.veflex.cz\/proc-vecer-meditovat\/","about":["\u017divotn\u00ed styl"],"wordCount":408,"articleBody":"Ve\u010dern\u00ed ritu\u00e1ly v\u00e1s zbav\u00ed ve\u0161ker\u00e9ho stresu, kter\u00fd se b\u011bhem dne na v\u00e1s nahromad\u00ed. Zvl\u00e1dnete pot\u00e9 l\u00e9pe vst\u0159ebat v\u0161echny informace, zamyslet se nad v\u00fdsledkem a vymyslet, jak probl\u00e9my vy\u0159e\u0161it. Nav\u00edc v\u00e1s nebudou d\u011bsit ve snech, nebudete se v noci ze stresu budit a v\u00e1\u0161 \u017eivotn\u00ed styl bude na \u00fapln\u011b jin\u00e9 \u00farovni.&#13; &#13; D\u016fle\u017eit\u00e9 je vyu\u017e\u00edt meditaci jako ritu\u00e1l, kter\u00fd v\u00e1s o\u010dist\u00ed. Jednodu\u0161e ze sebe smetete cel\u00fd den, ve\u0161ker\u00e9 probl\u00e9my, ale i dal\u0161\u00ed v\u011bci a na konci se budete c\u00edtit jako znovuzrozen\u00ed. Budete tak p\u0159ipraveni na cokoliv, co se stane druh\u00fd den a nebudou se informace jen navalovat, aby se pot\u00e9 poh\u00e1r p\u0159evrhl a vy museli \u010delit syndromu vyho\u0159en\u00ed.&#13; Va\u0161e mysl bude pot\u00e9 pracovat soust\u0159ed\u011bn\u011bji. M\u016f\u017eete se prob\u00edrat v\u00e1\u017en\u011bj\u0161\u00edmi probl\u00e9my, ani\u017e by na v\u00e1s dol\u00e9haly zbyte\u010dn\u00e9 emoce a va\u0161e aktu\u00e1ln\u00ed rozpolo\u017een\u00ed. V\u0161e bude prob\u00edhat v klidu, rozhl\u00e9dnete se a budete v\u00edce objektivn\u00ed. Nakonec dojdete ke kompromisu, kter\u00e9ho nebudete litovat. Nenechte se proto ovliv\u0148ovat emocemi a po\u010dkejte, a\u017e si ve\u010der zameditujete, a pot\u00e9 se teprve vrhn\u011bte na to, co je t\u0159eba vy\u0159e\u0161it.&#13; M\u00edsto toho, abyste hned po pr\u00e1ci a \u00faklidu \u0161li sp\u00e1t, se meditac\u00ed uklidn\u00edte, zklidn\u00edte t\u011blo i mysl a sp\u00ed\u0161e usnete, ne\u017e kdy\u017e zalehnete ihned po n\u00e1ro\u010dn\u00e9 \u010dinnosti. Sta\u010d\u00ed klidn\u011b p\u011bt minut denn\u011b, abyste se uklidnili a mohli se unavit a p\u0159ipravit na span\u00ed. Pozd\u011bji samoz\u0159ejm\u011b m\u016f\u017eete meditaci roz\u0161\u00ed\u0159it a provozovat ji d\u00e9le, ale je t\u0159eba v\u011bd\u011bt, \u017ee sta\u010d\u00ed opravdu chvilka.&#13; &#13; Va\u0161emu t\u011blu to jednodu\u0161e prosp\u011bje. Jak po psychick\u00e9 str\u00e1nce, tak po t\u00e9 fyzick\u00e9. S vyrovnanou mysl\u00ed budete mnohem m\u00e9n\u011b nemocn\u00ed, jeliko\u017e z velk\u00e9 \u010d\u00e1sti se jedn\u00e1 i o v\u00e1\u0161 aktu\u00e1ln\u00ed psychick\u00fd stav. Budete se c\u00edtit m\u00e9n\u011b unaven\u00ed, rychleji se zvl\u00e1dnete vzpamatovat dal\u0161\u00ed den a d\u00edky va\u0161emu vyrovnan\u00e9mu rann\u00edmu \u00fasm\u011bvu v\u00e1s lid\u00e9 obecn\u011b budou m\u00edt rad\u011bji. Budete to toti\u017e vy, kdo jim p\u0159ed\u00e1 pozitivn\u00ed energii a m\u016f\u017ee je podpo\u0159it. Jist\u011b se v\u00e1m to pozd\u011bji vr\u00e1t\u00ed.&#13;                                                                                                                                                                                                                                                                                                                                                                                         3.9\/5 - (12 votes)        "},{"@context":"https:\/\/schema.org\/","@type":"BreadcrumbList","itemListElement":[{"@type":"ListItem","position":1,"name":"Pro\u010d ve\u010der meditovat","item":"https:\/\/www.veflex.cz\/proc-vecer-meditovat\/#breadcrumbitem"}]}]