[{"@context":"https:\/\/schema.org\/","@type":"Article","@id":"https:\/\/www.veflex.cz\/pracka-a-ja\/#Article","mainEntityOfPage":"https:\/\/www.veflex.cz\/pracka-a-ja\/","headline":"Pra\u010dka a j\u00e1","name":"Pra\u010dka a j\u00e1","description":"Technick\u00e9 v\u011bci \u0161ly v\u017edycky mimo m\u011b. Nedok\u00e1zala jsem pochopit r\u016fzn\u00e9 technick\u00e9 v\u011bci, tak\u017ee moji rodi\u010de m\u011b v\u017edycky \u0159ekli, \u017ee jsem se m\u011bla p\u0159ihl\u00e1sit rad\u011bji na n\u011bjak\u00fd kurz, abych v\u0161echno pochopila. Jenom\u017ee to bych nebyla j\u00e1 \u010d\u00e1rka, abych nebyla l\u00edn\u00e1. Sice ano, cht\u011bla jsem v\u017edycky chodit na n\u011bjak\u00fd kurz, abych si doplnila vzd\u011bl\u00e1n\u00ed, ale \u017ee bych [&hellip;]","datePublished":"2022-08-28","dateModified":"2023-05-11","author":{"@type":"Person","@id":"https:\/\/www.veflex.cz\/author\/#Person","name":"","url":"https:\/\/www.veflex.cz\/author\/","identifier":1,"image":{"@type":"ImageObject","@id":"https:\/\/secure.gravatar.com\/avatar\/670235c08005d2f1b80a3d56a421809661de47ce0289bd1c93d0120f6ef211a4?s=96&d=mm&r=g","url":"https:\/\/secure.gravatar.com\/avatar\/670235c08005d2f1b80a3d56a421809661de47ce0289bd1c93d0120f6ef211a4?s=96&d=mm&r=g","height":96,"width":96}},"publisher":{"@type":"Organization","name":"veflex.cz","logo":{"@type":"ImageObject","@id":"\/logo.png","url":"\/logo.png","width":600,"height":60}},"image":{"@type":"ImageObject","@id":"https:\/\/www.veflex.cz\/wp-content\/uploads\/washing-machine-1786385_960_720.png","url":"https:\/\/www.veflex.cz\/wp-content\/uploads\/washing-machine-1786385_960_720.png","height":0,"width":0},"url":"https:\/\/www.veflex.cz\/pracka-a-ja\/","about":["Technika"],"wordCount":410,"articleBody":"Technick\u00e9 v\u011bci \u0161ly v\u017edycky mimo m\u011b. Nedok\u00e1zala jsem pochopit r\u016fzn\u00e9 technick\u00e9 v\u011bci, tak\u017ee moji rodi\u010de m\u011b v\u017edycky \u0159ekli, \u017ee jsem se m\u011bla p\u0159ihl\u00e1sit rad\u011bji na n\u011bjak\u00fd kurz, abych v\u0161echno pochopila. Jenom\u017ee to bych nebyla j\u00e1 \u010d\u00e1rka, abych nebyla l\u00edn\u00e1. Sice ano, cht\u011bla jsem v\u017edycky chodit na n\u011bjak\u00fd kurz, abych si doplnila vzd\u011bl\u00e1n\u00ed, ale \u017ee bych m\u011bla chodit na techniku? \u017dena a technika? No, tak v m\u00e9m p\u0159\u00edpad\u011b to absolutn\u011b nep\u0159ich\u00e1zelo v \u00favahu. V\u016fbec jsem necht\u011bla chodit do \u017e\u00e1dn\u00e9ho\u00a0krou\u017eku, kter\u00fd se t\u00fdk\u00e1 techniky. Nebo\u00a0v\u00e1s\u00a0by\u00a0to bavilo? J\u00e1\u00a0t\u0159eba\u00a0osobn\u011b\u00a0nezn\u00e1m \u017e\u00e1dnou \u017eenu, kter\u00e1 by nav\u0161t\u011bvovala kurz informa\u010dn\u00ed technologie nebo t\u0159eba robotiky, co\u017e miloval m\u016fj bratr.A jedinou techniku, kterou j\u00e1 jsem vyu\u017e\u00edvala denn\u011b, tak to byl spor\u00e1k nebo lednice anebo mikrovlnn\u00e1 trouba. Anebo taky pra\u010dka, samoz\u0159ejm\u011b. Tyto technick\u00e9 v\u011bci ovl\u00e1d\u00e1m dokonal\u00e9, i kdy\u017e taky si ob\u010das nev\u00edm rady s pra\u010dkou. Je tam tolik \u010dudl\u00edk\u016f, \u017ee si n\u011bkdy \u0159\u00edk\u00e1m, \u017ee je to a\u017e zbyte\u010dn\u00e9. Nev\u00edm, pro\u010d je na takov\u00fdch b\u00edl\u00fdch technick\u00fdch v\u011bcech tolik\u00a0ma\u010dk\u00e1tek. A mn\u011b osobn\u011b by sta\u010dilo t\u0159eba jenom siln\u00fd a st\u0159edn\u00ed program pran\u00ed. A proto\u017ee nev\u00edm, na co bych vyu\u017e\u00edvala opravdu tolik tla\u010d\u00edtek, tak\u017ee jsem t\u0159eba se mamince \u0159ekla, jak si ona t\u0159eba poradila s novou pra\u010dkou. Proto\u017ee moje maminka m\u00e1 novou pra\u010dku, kter\u00e1 je u\u017e n\u011bjak\u00e1 hodn\u011b modern\u00ed a takov\u00e1 futuristick\u00e1, kter\u00e1 je dotykov\u00e1 a m\u00e1 tam opravdu mnoho t\u011bch\u00a0ma\u010dk\u00e1tetek. Maminka mi \u0159ekla, \u017ee se v tom vyzn\u00e1, proto\u017ee j\u00ed technika bav\u00ed. A tak na tohle jsem opravdu nem\u011bla co \u0159\u00edct. Ov\u0161em ale v\u00fdrobci r\u016fzn\u00e9 techniky by taky m\u011bli br\u00e1t v potaz to, \u017ee existuje opravdu mnoho \u017een a, kter\u00e9 se v technice nevyznaj\u00ed a ani asi nikdy neporozum\u00ed, proto\u017ee na to prost\u011b nemaj\u00ed mozek. A co\u00a0vy, mil\u00e9 d\u00e1my, a technika? V\u00edm, \u017ee jsou taky \u0161ikovn\u00e9 \u017eeny, kter\u00e9 technikou \u017eij\u00ed a taky je opravdu hodn\u011b bav\u00ed se o techniku zaj\u00edmat. Ale mysl\u00edm, \u017ee je sp\u00ed\u0161e \u017een, kter\u00e9 si nechaj\u00ed poradit.\u00a0                                                                                                                                                                                                                                                                                                                                                                                        4.2\/5 - (6 votes)        "},{"@context":"https:\/\/schema.org\/","@type":"BreadcrumbList","itemListElement":[{"@type":"ListItem","position":1,"name":"Pra\u010dka a j\u00e1","item":"https:\/\/www.veflex.cz\/pracka-a-ja\/#breadcrumbitem"}]}]