[{"@context":"https:\/\/schema.org\/","@type":"Article","@id":"https:\/\/www.veflex.cz\/patrove-postele-od-nas-jsou-kvalitni-odolne-a-funkcni\/#Article","mainEntityOfPage":"https:\/\/www.veflex.cz\/patrove-postele-od-nas-jsou-kvalitni-odolne-a-funkcni\/","headline":"Patrov\u00e9 postele od n\u00e1s jsou kvalitn\u00ed, odoln\u00e9 a funk\u010dn\u00ed","name":"Patrov\u00e9 postele od n\u00e1s jsou kvalitn\u00ed, odoln\u00e9 a funk\u010dn\u00ed","description":"Vlastn\u00ed va\u0161e d\u00edtka pouze jeden spole\u010dn\u00fd pokoj\u00ed\u010dek? \u0158e\u0161\u00edte pot\u00ed\u017ee s prostorem? Ji\u017e nemus\u00edte! Patrov\u00e1 postel je skv\u011blou mo\u017enost\u00ed do d\u011btsk\u00fdch pokoj\u016f, proto\u017ee nezab\u00edr\u00e1 tolik zbyte\u010dn\u00e9ho m\u00edsta jako klasick\u00e9 postele. \u0160et\u0159ete prostorem a rad\u011bji ho d\u011btem darujte k hran\u00ed. Mysl\u00edte si, \u017ee patrov\u00e1 postel je zastaral\u00e1 a pou\u017e\u00edvala se sp\u00ed\u0161e d\u0159\u00edve a nebo na d\u011btsk\u00fdch t\u00e1borech? [&hellip;]","datePublished":"2025-03-21","dateModified":"2025-03-21","author":{"@type":"Person","@id":"https:\/\/www.veflex.cz\/author\/#Person","name":"","url":"https:\/\/www.veflex.cz\/author\/","identifier":1,"image":{"@type":"ImageObject","@id":"https:\/\/secure.gravatar.com\/avatar\/670235c08005d2f1b80a3d56a421809661de47ce0289bd1c93d0120f6ef211a4?s=96&d=mm&r=g","url":"https:\/\/secure.gravatar.com\/avatar\/670235c08005d2f1b80a3d56a421809661de47ce0289bd1c93d0120f6ef211a4?s=96&d=mm&r=g","height":96,"width":96}},"publisher":{"@type":"Organization","name":"veflex.cz","logo":{"@type":"ImageObject","@id":"\/logo.png","url":"\/logo.png","width":600,"height":60}},"url":"https:\/\/www.veflex.cz\/patrove-postele-od-nas-jsou-kvalitni-odolne-a-funkcni\/","wordCount":198,"articleBody":"Vlastn\u00ed va\u0161e d\u00edtka pouze jeden spole\u010dn\u00fd pokoj\u00ed\u010dek? \u0158e\u0161\u00edte pot\u00ed\u017ee s prostorem? Ji\u017e nemus\u00edte! Patrov\u00e1 postel je skv\u011blou mo\u017enost\u00ed do d\u011btsk\u00fdch pokoj\u016f, proto\u017ee nezab\u00edr\u00e1 tolik zbyte\u010dn\u00e9ho m\u00edsta jako klasick\u00e9 postele. \u0160et\u0159ete prostorem a rad\u011bji ho d\u011btem darujte k hran\u00ed.Mysl\u00edte si, \u017ee patrov\u00e1 postel je zastaral\u00e1 a pou\u017e\u00edvala se sp\u00ed\u0161e d\u0159\u00edve a nebo na d\u011btsk\u00fdch t\u00e1borech? Nenechejte se zm\u00fdlit, spousta rodi\u010d\u016f ji pou\u017e\u00edv\u00e1 st\u00e1le a maj\u00ed pro to sv\u00e9 d\u016fvody. Skv\u011ble \u0161et\u0159\u00ed prostor s pro d\u011bti v\u011bt\u0161inou b\u00fdv\u00e1 tento ty po stele zaj\u00edmav\u011bj\u0161\u00ed a atraktivn\u011bj\u0161\u00ed.Nebojte se \u00faraz\u016fBoj\u00edte se, \u017ee va\u0161e d\u011bti mohou pr\u00e1v\u011b na t\u00e9to posteli lehce a snadno p\u0159ij\u00edt k \u00faraz\u016fm? Nemus\u00edte m\u00edt \u017e\u00e1dn\u00e9 starosti, ka\u017ed\u00e1 patrov\u00e1 postel, kterou v\u00e1m nab\u00edz\u00edme, je navr\u017een\u00e1 tak, aby d\u00edt\u011b nem\u011blo \u0161anci si ubl\u00ed\u017eit a spadnou dol\u016f. Bezpe\u010dnost je pro n\u00e1s na prvn\u00edm m\u00edst\u011b, a proto na n\u00ed db\u00e1me.                                                                                                                                                                                                                                                                                                                                                                                                "},{"@context":"https:\/\/schema.org\/","@type":"BreadcrumbList","itemListElement":[{"@type":"ListItem","position":1,"name":"Patrov\u00e9 postele od n\u00e1s jsou kvalitn\u00ed, odoln\u00e9 a funk\u010dn\u00ed","item":"https:\/\/www.veflex.cz\/patrove-postele-od-nas-jsou-kvalitni-odolne-a-funkcni\/#breadcrumbitem"}]}]