[{"@context":"https:\/\/schema.org\/","@type":"Blog","@id":"https:\/\/www.veflex.cz#Blog","headline":"Veflex","description":"\n\u010c\u00edm se od sebe nejjist\u011bji odli\u0161\u00ed pravda a le\u017e? To je p\u0159ece jednoduch\u00e9. Pravda je to, co najdete na na\u0161em webu, a le\u017e to, co na na\u0161em webu chyb\u00ed.","url":"https:\/\/www.veflex.cz","hasPart":[{"@type":"Article","@id":"https:\/\/www.veflex.cz\/nejnovejsi-strategie\/","headline":"Nejnov\u011bj\u0161\u00ed strategie","url":"https:\/\/www.veflex.cz\/nejnovejsi-strategie\/","datePublished":"2025-02-24","dateModified":"2025-02-24","mainEntityOfPage":"https:\/\/www.veflex.cz\/nejnovejsi-strategie\/","author":{"@type":"Person","@id":"https:\/\/www.veflex.cz\/author\/#Person","name":"","url":"https:\/\/www.veflex.cz\/author\/","identifier":1,"image":{"@type":"ImageObject","@id":"https:\/\/secure.gravatar.com\/avatar\/670235c08005d2f1b80a3d56a421809661de47ce0289bd1c93d0120f6ef211a4?s=96&d=mm&r=g","url":"https:\/\/secure.gravatar.com\/avatar\/670235c08005d2f1b80a3d56a421809661de47ce0289bd1c93d0120f6ef211a4?s=96&d=mm&r=g","height":96,"width":96}},"publisher":{"@type":"Organization","name":"veflex.cz","logo":{"@type":"ImageObject","@id":"\/logo.png","url":"\/logo.png","width":600,"height":60}},"image":null,"wordCount":217,"keywords":null},{"@type":"Article","@id":"https:\/\/www.veflex.cz\/jaky-dum-si-vyberete\/","headline":"Jak\u00fd d\u016fm si vyberete?","url":"https:\/\/www.veflex.cz\/jaky-dum-si-vyberete\/","datePublished":"2025-02-18","dateModified":"2025-02-18","mainEntityOfPage":"https:\/\/www.veflex.cz\/jaky-dum-si-vyberete\/","author":{"@type":"Person","@id":"https:\/\/www.veflex.cz\/author\/#Person","name":"","url":"https:\/\/www.veflex.cz\/author\/","identifier":1,"image":{"@type":"ImageObject","@id":"https:\/\/secure.gravatar.com\/avatar\/670235c08005d2f1b80a3d56a421809661de47ce0289bd1c93d0120f6ef211a4?s=96&d=mm&r=g","url":"https:\/\/secure.gravatar.com\/avatar\/670235c08005d2f1b80a3d56a421809661de47ce0289bd1c93d0120f6ef211a4?s=96&d=mm&r=g","height":96,"width":96}},"publisher":{"@type":"Organization","name":"veflex.cz","logo":{"@type":"ImageObject","@id":"\/logo.png","url":"\/logo.png","width":600,"height":60}},"image":{"@type":"ImageObject","@id":"https:\/\/www.veflex.cz\/wp-content\/uploads\/single-family-home-1026385_640_10_10_3.jpg","url":"https:\/\/www.veflex.cz\/wp-content\/uploads\/single-family-home-1026385_640_10_10_3.jpg","height":0,"width":0},"wordCount":545,"keywords":null},{"@type":"Article","@id":"https:\/\/www.veflex.cz\/zidle-nejenom-k-pocitaci\/","headline":"\u017didle nejenom k po\u010d\u00edta\u010di","url":"https:\/\/www.veflex.cz\/zidle-nejenom-k-pocitaci\/","datePublished":"2025-02-18","dateModified":"2025-02-18","mainEntityOfPage":"https:\/\/www.veflex.cz\/zidle-nejenom-k-pocitaci\/","author":{"@type":"Person","@id":"https:\/\/www.veflex.cz\/author\/#Person","name":"","url":"https:\/\/www.veflex.cz\/author\/","identifier":1,"image":{"@type":"ImageObject","@id":"https:\/\/secure.gravatar.com\/avatar\/670235c08005d2f1b80a3d56a421809661de47ce0289bd1c93d0120f6ef211a4?s=96&d=mm&r=g","url":"https:\/\/secure.gravatar.com\/avatar\/670235c08005d2f1b80a3d56a421809661de47ce0289bd1c93d0120f6ef211a4?s=96&d=mm&r=g","height":96,"width":96}},"publisher":{"@type":"Organization","name":"veflex.cz","logo":{"@type":"ImageObject","@id":"\/logo.png","url":"\/logo.png","width":600,"height":60}},"image":null,"wordCount":232,"keywords":null},{"@type":"Article","@id":"https:\/\/www.veflex.cz\/dokonala-kava-jak-vybrat-nejlepsi-kavovar-nespresso-kapsle-a-napenovac-mleka\/","headline":"Dokonal\u00e1 k\u00e1va: Jak vybrat nejlep\u0161\u00ed k\u00e1vovar, Nespresso kapsle a nap\u011b\u0148ova\u010d ml\u00e9ka","url":"https:\/\/www.veflex.cz\/dokonala-kava-jak-vybrat-nejlepsi-kavovar-nespresso-kapsle-a-napenovac-mleka\/","datePublished":"2025-02-13","dateModified":"2025-01-04","mainEntityOfPage":"https:\/\/www.veflex.cz\/dokonala-kava-jak-vybrat-nejlepsi-kavovar-nespresso-kapsle-a-napenovac-mleka\/","author":{"@type":"Person","@id":"https:\/\/www.veflex.cz\/author\/#Person","name":"","url":"https:\/\/www.veflex.cz\/author\/","identifier":1,"image":{"@type":"ImageObject","@id":"https:\/\/secure.gravatar.com\/avatar\/670235c08005d2f1b80a3d56a421809661de47ce0289bd1c93d0120f6ef211a4?s=96&d=mm&r=g","url":"https:\/\/secure.gravatar.com\/avatar\/670235c08005d2f1b80a3d56a421809661de47ce0289bd1c93d0120f6ef211a4?s=96&d=mm&r=g","height":96,"width":96}},"publisher":{"@type":"Organization","name":"veflex.cz","logo":{"@type":"ImageObject","@id":"\/logo.png","url":"\/logo.png","width":600,"height":60}},"image":{"@type":"ImageObject","@id":"https:\/\/www.veflex.cz\/wp-content\/uploads\/kava7_0KFTnX.jpg","url":"https:\/\/www.veflex.cz\/wp-content\/uploads\/kava7_0KFTnX.jpg","height":0,"width":0},"wordCount":808,"keywords":null},{"@type":"Article","@id":"https:\/\/www.veflex.cz\/slusiva-krasa-pro-ty-nejmensi\/","headline":"Slu\u0161iv\u00e1 kr\u00e1sa pro ty nejmen\u0161\u00ed","url":"https:\/\/www.veflex.cz\/slusiva-krasa-pro-ty-nejmensi\/","datePublished":"2025-02-10","dateModified":"2025-02-10","mainEntityOfPage":"https:\/\/www.veflex.cz\/slusiva-krasa-pro-ty-nejmensi\/","author":{"@type":"Person","@id":"https:\/\/www.veflex.cz\/author\/#Person","name":"","url":"https:\/\/www.veflex.cz\/author\/","identifier":1,"image":{"@type":"ImageObject","@id":"https:\/\/secure.gravatar.com\/avatar\/670235c08005d2f1b80a3d56a421809661de47ce0289bd1c93d0120f6ef211a4?s=96&d=mm&r=g","url":"https:\/\/secure.gravatar.com\/avatar\/670235c08005d2f1b80a3d56a421809661de47ce0289bd1c93d0120f6ef211a4?s=96&d=mm&r=g","height":96,"width":96}},"publisher":{"@type":"Organization","name":"veflex.cz","logo":{"@type":"ImageObject","@id":"\/logo.png","url":"\/logo.png","width":600,"height":60}},"image":null,"wordCount":246,"keywords":null},{"@type":"Article","@id":"https:\/\/www.veflex.cz\/zrizujeme-pro-vas-nejenom-sidla-firmy-ale-take-virtualni-kancelare\/","headline":"Z\u0159izujeme pro V\u00e1s nejenom s\u00eddla firmy, ale tak\u00e9 virtu\u00e1ln\u00ed kancel\u00e1\u0159e","url":"https:\/\/www.veflex.cz\/zrizujeme-pro-vas-nejenom-sidla-firmy-ale-take-virtualni-kancelare\/","datePublished":"2025-02-05","dateModified":"2025-02-05","mainEntityOfPage":"https:\/\/www.veflex.cz\/zrizujeme-pro-vas-nejenom-sidla-firmy-ale-take-virtualni-kancelare\/","author":{"@type":"Person","@id":"https:\/\/www.veflex.cz\/author\/#Person","name":"","url":"https:\/\/www.veflex.cz\/author\/","identifier":1,"image":{"@type":"ImageObject","@id":"https:\/\/secure.gravatar.com\/avatar\/670235c08005d2f1b80a3d56a421809661de47ce0289bd1c93d0120f6ef211a4?s=96&d=mm&r=g","url":"https:\/\/secure.gravatar.com\/avatar\/670235c08005d2f1b80a3d56a421809661de47ce0289bd1c93d0120f6ef211a4?s=96&d=mm&r=g","height":96,"width":96}},"publisher":{"@type":"Organization","name":"veflex.cz","logo":{"@type":"ImageObject","@id":"\/logo.png","url":"\/logo.png","width":600,"height":60}},"image":null,"wordCount":195,"keywords":null},{"@type":"Article","@id":"https:\/\/www.veflex.cz\/tommy-hilfiger\/","headline":"Tommy Hilfiger","url":"https:\/\/www.veflex.cz\/tommy-hilfiger\/","datePublished":"2025-01-30","dateModified":"2025-01-30","mainEntityOfPage":"https:\/\/www.veflex.cz\/tommy-hilfiger\/","author":{"@type":"Person","@id":"https:\/\/www.veflex.cz\/author\/#Person","name":"","url":"https:\/\/www.veflex.cz\/author\/","identifier":1,"image":{"@type":"ImageObject","@id":"https:\/\/secure.gravatar.com\/avatar\/670235c08005d2f1b80a3d56a421809661de47ce0289bd1c93d0120f6ef211a4?s=96&d=mm&r=g","url":"https:\/\/secure.gravatar.com\/avatar\/670235c08005d2f1b80a3d56a421809661de47ce0289bd1c93d0120f6ef211a4?s=96&d=mm&r=g","height":96,"width":96}},"publisher":{"@type":"Organization","name":"veflex.cz","logo":{"@type":"ImageObject","@id":"\/logo.png","url":"\/logo.png","width":600,"height":60}},"image":null,"wordCount":201,"keywords":null},{"@type":"Article","@id":"https:\/\/www.veflex.cz\/chovatelske-potreby\/","headline":"Chovatelsk\u00e9 pot\u0159eby","url":"https:\/\/www.veflex.cz\/chovatelske-potreby\/","datePublished":"2025-01-22","dateModified":"2025-01-22","mainEntityOfPage":"https:\/\/www.veflex.cz\/chovatelske-potreby\/","author":{"@type":"Person","@id":"https:\/\/www.veflex.cz\/author\/#Person","name":"","url":"https:\/\/www.veflex.cz\/author\/","identifier":1,"image":{"@type":"ImageObject","@id":"https:\/\/secure.gravatar.com\/avatar\/670235c08005d2f1b80a3d56a421809661de47ce0289bd1c93d0120f6ef211a4?s=96&d=mm&r=g","url":"https:\/\/secure.gravatar.com\/avatar\/670235c08005d2f1b80a3d56a421809661de47ce0289bd1c93d0120f6ef211a4?s=96&d=mm&r=g","height":96,"width":96}},"publisher":{"@type":"Organization","name":"veflex.cz","logo":{"@type":"ImageObject","@id":"\/logo.png","url":"\/logo.png","width":600,"height":60}},"image":null,"wordCount":212,"keywords":null},{"@type":"Article","@id":"https:\/\/www.veflex.cz\/wacaco-nanopresso-a-dalsi-inovace-proc-jsou-tyto-kavovary-hitem-mezi-cestovateli\/","headline":"Wacaco Nanopresso a dal\u0161\u00ed inovace \u2013 Pro\u010d jsou tyto k\u00e1vovary hitem mezi cestovateli?","url":"https:\/\/www.veflex.cz\/wacaco-nanopresso-a-dalsi-inovace-proc-jsou-tyto-kavovary-hitem-mezi-cestovateli\/","datePublished":"2025-01-16","dateModified":"2025-01-16","mainEntityOfPage":"https:\/\/www.veflex.cz\/wacaco-nanopresso-a-dalsi-inovace-proc-jsou-tyto-kavovary-hitem-mezi-cestovateli\/","author":{"@type":"Person","@id":"https:\/\/www.veflex.cz\/author\/#Person","name":"","url":"https:\/\/www.veflex.cz\/author\/","identifier":1,"image":{"@type":"ImageObject","@id":"https:\/\/secure.gravatar.com\/avatar\/670235c08005d2f1b80a3d56a421809661de47ce0289bd1c93d0120f6ef211a4?s=96&d=mm&r=g","url":"https:\/\/secure.gravatar.com\/avatar\/670235c08005d2f1b80a3d56a421809661de47ce0289bd1c93d0120f6ef211a4?s=96&d=mm&r=g","height":96,"width":96}},"publisher":{"@type":"Organization","name":"veflex.cz","logo":{"@type":"ImageObject","@id":"\/logo.png","url":"\/logo.png","width":600,"height":60}},"image":null,"wordCount":622,"keywords":null},{"@type":"Article","@id":"https:\/\/www.veflex.cz\/kvalita-pro-kazdou-holcicku\/","headline":"Kvalita pro ka\u017edou hol\u010di\u010dku","url":"https:\/\/www.veflex.cz\/kvalita-pro-kazdou-holcicku\/","datePublished":"2025-01-15","dateModified":"2025-01-15","mainEntityOfPage":"https:\/\/www.veflex.cz\/kvalita-pro-kazdou-holcicku\/","author":{"@type":"Person","@id":"https:\/\/www.veflex.cz\/author\/#Person","name":"","url":"https:\/\/www.veflex.cz\/author\/","identifier":1,"image":{"@type":"ImageObject","@id":"https:\/\/secure.gravatar.com\/avatar\/670235c08005d2f1b80a3d56a421809661de47ce0289bd1c93d0120f6ef211a4?s=96&d=mm&r=g","url":"https:\/\/secure.gravatar.com\/avatar\/670235c08005d2f1b80a3d56a421809661de47ce0289bd1c93d0120f6ef211a4?s=96&d=mm&r=g","height":96,"width":96}},"publisher":{"@type":"Organization","name":"veflex.cz","logo":{"@type":"ImageObject","@id":"\/logo.png","url":"\/logo.png","width":600,"height":60}},"image":null,"wordCount":219,"keywords":null}]},{"@context":"https:\/\/schema.org","@type":"WebSite","@id":"https:\/\/www.veflex.cz\/#website","name":"Veflex","url":"https:\/\/www.veflex.cz","potentialAction":{"@type":"SearchAction","target":"https:\/\/www.veflex.cz\/?s={search_term_string}","query-input":"required name=search_term_string"}}]