[{"@context":"https:\/\/schema.org\/","@type":"Blog","@id":"https:\/\/www.veflex.cz#Blog","headline":"Veflex","description":"\n\u010c\u00edm se od sebe nejjist\u011bji odli\u0161\u00ed pravda a le\u017e? To je p\u0159ece jednoduch\u00e9. Pravda je to, co najdete na na\u0161em webu, a le\u017e to, co na na\u0161em webu chyb\u00ed.","url":"https:\/\/www.veflex.cz","hasPart":[{"@type":"Article","@id":"https:\/\/www.veflex.cz\/je-treba-dobre-vypadat\/","headline":"Je t\u0159eba dob\u0159e vypadat?","url":"https:\/\/www.veflex.cz\/je-treba-dobre-vypadat\/","datePublished":"2021-10-08","dateModified":"2023-05-11","mainEntityOfPage":"https:\/\/www.veflex.cz\/je-treba-dobre-vypadat\/","author":{"@type":"Person","@id":"https:\/\/www.veflex.cz\/author\/#Person","name":"","url":"https:\/\/www.veflex.cz\/author\/","identifier":1,"image":{"@type":"ImageObject","@id":"https:\/\/secure.gravatar.com\/avatar\/670235c08005d2f1b80a3d56a421809661de47ce0289bd1c93d0120f6ef211a4?s=96&d=mm&r=g","url":"https:\/\/secure.gravatar.com\/avatar\/670235c08005d2f1b80a3d56a421809661de47ce0289bd1c93d0120f6ef211a4?s=96&d=mm&r=g","height":96,"width":96}},"publisher":{"@type":"Organization","name":"veflex.cz","logo":{"@type":"ImageObject","@id":"\/logo.png","url":"\/logo.png","width":600,"height":60}},"image":{"@type":"ImageObject","@id":"https:\/\/www.veflex.cz\/wp-content\/uploads\/dva%20v%20kancel%C3%A1%C5%99i.png","url":"https:\/\/www.veflex.cz\/wp-content\/uploads\/dva%20v%20kancel%C3%A1%C5%99i.png","height":0,"width":0},"wordCount":827,"keywords":null},{"@type":"Article","@id":"https:\/\/www.veflex.cz\/vzdelavani-je-dulezite-v-kazdem-veku\/","headline":"Vzd\u011bl\u00e1v\u00e1n\u00ed je d\u016fle\u017eit\u00e9 v ka\u017ed\u00e9m v\u011bku!","url":"https:\/\/www.veflex.cz\/vzdelavani-je-dulezite-v-kazdem-veku\/","datePublished":"2021-09-04","dateModified":"2023-05-11","mainEntityOfPage":"https:\/\/www.veflex.cz\/vzdelavani-je-dulezite-v-kazdem-veku\/","author":{"@type":"Person","@id":"https:\/\/www.veflex.cz\/author\/#Person","name":"","url":"https:\/\/www.veflex.cz\/author\/","identifier":1,"image":{"@type":"ImageObject","@id":"https:\/\/secure.gravatar.com\/avatar\/670235c08005d2f1b80a3d56a421809661de47ce0289bd1c93d0120f6ef211a4?s=96&d=mm&r=g","url":"https:\/\/secure.gravatar.com\/avatar\/670235c08005d2f1b80a3d56a421809661de47ce0289bd1c93d0120f6ef211a4?s=96&d=mm&r=g","height":96,"width":96}},"publisher":{"@type":"Organization","name":"veflex.cz","logo":{"@type":"ImageObject","@id":"\/logo.png","url":"\/logo.png","width":600,"height":60}},"image":{"@type":"ImageObject","@id":"https:\/\/www.veflex.cz\/wp-content\/uploads\/%C5%BEena%20a%20%C4%8Detba_1.jpg","url":"https:\/\/www.veflex.cz\/wp-content\/uploads\/%C5%BEena%20a%20%C4%8Detba_1.jpg","height":0,"width":0},"wordCount":613,"keywords":null},{"@type":"Article","@id":"https:\/\/www.veflex.cz\/nebojte-se-bulharskych-vin\/","headline":"Nebojte se bulharsk\u00fdch v\u00edn","url":"https:\/\/www.veflex.cz\/nebojte-se-bulharskych-vin\/","datePublished":"2021-09-02","dateModified":"2023-05-11","mainEntityOfPage":"https:\/\/www.veflex.cz\/nebojte-se-bulharskych-vin\/","author":{"@type":"Person","@id":"https:\/\/www.veflex.cz\/author\/#Person","name":"","url":"https:\/\/www.veflex.cz\/author\/","identifier":1,"image":{"@type":"ImageObject","@id":"https:\/\/secure.gravatar.com\/avatar\/670235c08005d2f1b80a3d56a421809661de47ce0289bd1c93d0120f6ef211a4?s=96&d=mm&r=g","url":"https:\/\/secure.gravatar.com\/avatar\/670235c08005d2f1b80a3d56a421809661de47ce0289bd1c93d0120f6ef211a4?s=96&d=mm&r=g","height":96,"width":96}},"publisher":{"@type":"Organization","name":"veflex.cz","logo":{"@type":"ImageObject","@id":"\/logo.png","url":"\/logo.png","width":600,"height":60}},"image":{"@type":"ImageObject","@id":"https:\/\/www.veflex.cz\/wp-content\/uploads\/v%C3%ADno%20le%C5%BE%C3%ADc%C3%AD.PNG","url":"https:\/\/www.veflex.cz\/wp-content\/uploads\/v%C3%ADno%20le%C5%BE%C3%ADc%C3%AD.PNG","height":0,"width":0},"wordCount":653,"keywords":null},{"@type":"Article","@id":"https:\/\/www.veflex.cz\/kde-vzit-penize\/","headline":"Kde vz\u00edt pen\u00edze?","url":"https:\/\/www.veflex.cz\/kde-vzit-penize\/","datePublished":"2021-08-30","dateModified":"2023-05-11","mainEntityOfPage":"https:\/\/www.veflex.cz\/kde-vzit-penize\/","author":{"@type":"Person","@id":"https:\/\/www.veflex.cz\/author\/#Person","name":"","url":"https:\/\/www.veflex.cz\/author\/","identifier":1,"image":{"@type":"ImageObject","@id":"https:\/\/secure.gravatar.com\/avatar\/670235c08005d2f1b80a3d56a421809661de47ce0289bd1c93d0120f6ef211a4?s=96&d=mm&r=g","url":"https:\/\/secure.gravatar.com\/avatar\/670235c08005d2f1b80a3d56a421809661de47ce0289bd1c93d0120f6ef211a4?s=96&d=mm&r=g","height":96,"width":96}},"publisher":{"@type":"Organization","name":"veflex.cz","logo":{"@type":"ImageObject","@id":"\/logo.png","url":"\/logo.png","width":600,"height":60}},"image":{"@type":"ImageObject","@id":"https:\/\/www.veflex.cz\/wp-content\/uploads\/mince%20evropsk%C3%A9_2.jpg","url":"https:\/\/www.veflex.cz\/wp-content\/uploads\/mince%20evropsk%C3%A9_2.jpg","height":0,"width":0},"wordCount":763,"keywords":null},{"@type":"Article","@id":"https:\/\/www.veflex.cz\/i-osvc-si-nekdy-pujcuji\/","headline":"I OSV\u010c si n\u011bkdy p\u016fj\u010duj\u00ed","url":"https:\/\/www.veflex.cz\/i-osvc-si-nekdy-pujcuji\/","datePublished":"2021-08-11","dateModified":"2023-05-11","mainEntityOfPage":"https:\/\/www.veflex.cz\/i-osvc-si-nekdy-pujcuji\/","author":{"@type":"Person","@id":"https:\/\/www.veflex.cz\/author\/#Person","name":"","url":"https:\/\/www.veflex.cz\/author\/","identifier":1,"image":{"@type":"ImageObject","@id":"https:\/\/secure.gravatar.com\/avatar\/670235c08005d2f1b80a3d56a421809661de47ce0289bd1c93d0120f6ef211a4?s=96&d=mm&r=g","url":"https:\/\/secure.gravatar.com\/avatar\/670235c08005d2f1b80a3d56a421809661de47ce0289bd1c93d0120f6ef211a4?s=96&d=mm&r=g","height":96,"width":96}},"publisher":{"@type":"Organization","name":"veflex.cz","logo":{"@type":"ImageObject","@id":"\/logo.png","url":"\/logo.png","width":600,"height":60}},"image":{"@type":"ImageObject","@id":"https:\/\/www.veflex.cz\/wp-content\/uploads\/EET%20pokladna.jpg","url":"https:\/\/www.veflex.cz\/wp-content\/uploads\/EET%20pokladna.jpg","height":0,"width":0},"wordCount":754,"keywords":null},{"@type":"Article","@id":"https:\/\/www.veflex.cz\/razitka-jsou-zaklad\/","headline":"Raz\u00edtka jsou z\u00e1klad","url":"https:\/\/www.veflex.cz\/razitka-jsou-zaklad\/","datePublished":"2021-06-11","dateModified":"2023-05-11","mainEntityOfPage":"https:\/\/www.veflex.cz\/razitka-jsou-zaklad\/","author":{"@type":"Person","@id":"https:\/\/www.veflex.cz\/author\/#Person","name":"","url":"https:\/\/www.veflex.cz\/author\/","identifier":1,"image":{"@type":"ImageObject","@id":"https:\/\/secure.gravatar.com\/avatar\/670235c08005d2f1b80a3d56a421809661de47ce0289bd1c93d0120f6ef211a4?s=96&d=mm&r=g","url":"https:\/\/secure.gravatar.com\/avatar\/670235c08005d2f1b80a3d56a421809661de47ce0289bd1c93d0120f6ef211a4?s=96&d=mm&r=g","height":96,"width":96}},"publisher":{"@type":"Organization","name":"veflex.cz","logo":{"@type":"ImageObject","@id":"\/logo.png","url":"\/logo.png","width":600,"height":60}},"image":{"@type":"ImageObject","@id":"https:\/\/www.veflex.cz\/wp-content\/uploads\/Raz%C3%ADtka_5.jpg","url":"https:\/\/www.veflex.cz\/wp-content\/uploads\/Raz%C3%ADtka_5.jpg","height":0,"width":0},"wordCount":552,"keywords":null},{"@type":"Article","@id":"https:\/\/www.veflex.cz\/jak-vysperkovat-vlastni-autoservis-k-dokonalosti\/","headline":"Jak vy\u0161perkovat vlastn\u00ed autoservis k dokonalosti?","url":"https:\/\/www.veflex.cz\/jak-vysperkovat-vlastni-autoservis-k-dokonalosti\/","datePublished":"2021-02-26","dateModified":"2023-05-11","mainEntityOfPage":"https:\/\/www.veflex.cz\/jak-vysperkovat-vlastni-autoservis-k-dokonalosti\/","author":{"@type":"Person","@id":"https:\/\/www.veflex.cz\/author\/#Person","name":"","url":"https:\/\/www.veflex.cz\/author\/","identifier":1,"image":{"@type":"ImageObject","@id":"https:\/\/secure.gravatar.com\/avatar\/670235c08005d2f1b80a3d56a421809661de47ce0289bd1c93d0120f6ef211a4?s=96&d=mm&r=g","url":"https:\/\/secure.gravatar.com\/avatar\/670235c08005d2f1b80a3d56a421809661de47ce0289bd1c93d0120f6ef211a4?s=96&d=mm&r=g","height":96,"width":96}},"publisher":{"@type":"Organization","name":"veflex.cz","logo":{"@type":"ImageObject","@id":"\/logo.png","url":"\/logo.png","width":600,"height":60}},"image":{"@type":"ImageObject","@id":"https:\/\/www.veflex.cz\/wp-content\/uploads\/art398209_16x9_20260815_142923_LcZu4b.jpg","url":"https:\/\/www.veflex.cz\/wp-content\/uploads\/art398209_16x9_20260815_142923_LcZu4b.jpg","height":0,"width":0},"wordCount":563,"keywords":null},{"@type":"Article","@id":"https:\/\/www.veflex.cz\/zdrave-oleje-zaklad-vyvazene-kuchyne\/","headline":"Zdrav\u00e9 oleje, z\u00e1klad vyv\u00e1\u017een\u00e9 kuchyn\u011b!","url":"https:\/\/www.veflex.cz\/zdrave-oleje-zaklad-vyvazene-kuchyne\/","datePublished":"2021-02-17","dateModified":"2023-05-11","mainEntityOfPage":"https:\/\/www.veflex.cz\/zdrave-oleje-zaklad-vyvazene-kuchyne\/","author":{"@type":"Person","@id":"https:\/\/www.veflex.cz\/author\/#Person","name":"","url":"https:\/\/www.veflex.cz\/author\/","identifier":1,"image":{"@type":"ImageObject","@id":"https:\/\/secure.gravatar.com\/avatar\/670235c08005d2f1b80a3d56a421809661de47ce0289bd1c93d0120f6ef211a4?s=96&d=mm&r=g","url":"https:\/\/secure.gravatar.com\/avatar\/670235c08005d2f1b80a3d56a421809661de47ce0289bd1c93d0120f6ef211a4?s=96&d=mm&r=g","height":96,"width":96}},"publisher":{"@type":"Organization","name":"veflex.cz","logo":{"@type":"ImageObject","@id":"\/logo.png","url":"\/logo.png","width":600,"height":60}},"image":{"@type":"ImageObject","@id":"https:\/\/www.veflex.cz\/wp-content\/uploads\/art397458_3x2_20260819_202531_luIqLt.jpg","url":"https:\/\/www.veflex.cz\/wp-content\/uploads\/art397458_3x2_20260819_202531_luIqLt.jpg","height":0,"width":0},"wordCount":717,"keywords":null},{"@type":"Article","@id":"https:\/\/www.veflex.cz\/revize-elektro-v-bytech\/","headline":"Revize elektro v bytech","url":"https:\/\/www.veflex.cz\/revize-elektro-v-bytech\/","datePublished":"2021-01-17","dateModified":"2023-05-11","mainEntityOfPage":"https:\/\/www.veflex.cz\/revize-elektro-v-bytech\/","author":{"@type":"Person","@id":"https:\/\/www.veflex.cz\/author\/#Person","name":"","url":"https:\/\/www.veflex.cz\/author\/","identifier":1,"image":{"@type":"ImageObject","@id":"https:\/\/secure.gravatar.com\/avatar\/670235c08005d2f1b80a3d56a421809661de47ce0289bd1c93d0120f6ef211a4?s=96&d=mm&r=g","url":"https:\/\/secure.gravatar.com\/avatar\/670235c08005d2f1b80a3d56a421809661de47ce0289bd1c93d0120f6ef211a4?s=96&d=mm&r=g","height":96,"width":96}},"publisher":{"@type":"Organization","name":"veflex.cz","logo":{"@type":"ImageObject","@id":"\/logo.png","url":"\/logo.png","width":600,"height":60}},"image":{"@type":"ImageObject","@id":"https:\/\/www.veflex.cz\/wp-content\/uploads\/art395926_3x2_20260815_185636_vrmVAo.jpg","url":"https:\/\/www.veflex.cz\/wp-content\/uploads\/art395926_3x2_20260815_185636_vrmVAo.jpg","height":0,"width":0},"wordCount":789,"keywords":null},{"@type":"Article","@id":"https:\/\/www.veflex.cz\/s-odskodnenim-urazu-vam-pomuze-bezplatna-poradna\/","headline":"S od\u0161kodn\u011bn\u00edm \u00faraz\u016f v\u00e1m pom\u016f\u017ee bezplatn\u00e1 poradna","url":"https:\/\/www.veflex.cz\/s-odskodnenim-urazu-vam-pomuze-bezplatna-poradna\/","datePublished":"2021-01-16","dateModified":"2023-05-11","mainEntityOfPage":"https:\/\/www.veflex.cz\/s-odskodnenim-urazu-vam-pomuze-bezplatna-poradna\/","author":{"@type":"Person","@id":"https:\/\/www.veflex.cz\/author\/#Person","name":"","url":"https:\/\/www.veflex.cz\/author\/","identifier":1,"image":{"@type":"ImageObject","@id":"https:\/\/secure.gravatar.com\/avatar\/670235c08005d2f1b80a3d56a421809661de47ce0289bd1c93d0120f6ef211a4?s=96&d=mm&r=g","url":"https:\/\/secure.gravatar.com\/avatar\/670235c08005d2f1b80a3d56a421809661de47ce0289bd1c93d0120f6ef211a4?s=96&d=mm&r=g","height":96,"width":96}},"publisher":{"@type":"Organization","name":"veflex.cz","logo":{"@type":"ImageObject","@id":"\/logo.png","url":"\/logo.png","width":600,"height":60}},"image":{"@type":"ImageObject","@id":"https:\/\/www.veflex.cz\/wp-content\/uploads\/autonehoda%20%C3%BAraz.jpeg","url":"https:\/\/www.veflex.cz\/wp-content\/uploads\/autonehoda%20%C3%BAraz.jpeg","height":0,"width":0},"wordCount":557,"keywords":null}]},{"@context":"https:\/\/schema.org","@type":"WebSite","@id":"https:\/\/www.veflex.cz\/#website","name":"Veflex","url":"https:\/\/www.veflex.cz","potentialAction":{"@type":"SearchAction","target":"https:\/\/www.veflex.cz\/?s={search_term_string}","query-input":"required name=search_term_string"}}]