[{"@context":"https:\/\/schema.org\/","@type":"Article","@id":"https:\/\/www.veflex.cz\/novy-zeland-raj-zajimavych-zvirat\/#Article","mainEntityOfPage":"https:\/\/www.veflex.cz\/novy-zeland-raj-zajimavych-zvirat\/","headline":"Nov\u00fd Z\u00e9land \u2013 r\u00e1j zaj\u00edmav\u00fdch zv\u00ed\u0159at","name":"Nov\u00fd Z\u00e9land \u2013 r\u00e1j zaj\u00edmav\u00fdch zv\u00ed\u0159at","description":"&#13; Tu\u010d\u0148\u00e1k, kter\u00fd pob\u00edh\u00e1 po lese v Nov\u00e9m Z\u00e9landu, ne\u017eije pochopiteln\u011b n\u011bkde v bu\u0161i, ale vyb\u00edr\u00e1 si m\u00edsta u pob\u0159e\u017e\u00ed, kter\u00e1 jsou hust\u011b zarostl\u00e1 vegetac\u00ed. Tento druh tu\u010d\u0148\u00e1ka pat\u0159\u00ed mezi ohro\u017een\u00e9 druhy. M\u00e1 toti\u017e jen mal\u00e9 mo\u017enosti v\u00fdskytu. V p\u0159\u00edrod\u011b u\u017e bychom na\u0161li jen pouh\u00e9 necel\u00e9 \u010dty\u0159i tis\u00edce t\u011bchto pt\u00e1k\u016f.&#13; &#13; \u00b7 Nov\u00fd Z\u00e9land je [&hellip;]","datePublished":"2018-08-26","dateModified":"2023-05-11","author":{"@type":"Person","@id":"https:\/\/www.veflex.cz\/author\/#Person","name":"","url":"https:\/\/www.veflex.cz\/author\/","identifier":1,"image":{"@type":"ImageObject","@id":"https:\/\/secure.gravatar.com\/avatar\/670235c08005d2f1b80a3d56a421809661de47ce0289bd1c93d0120f6ef211a4?s=96&d=mm&r=g","url":"https:\/\/secure.gravatar.com\/avatar\/670235c08005d2f1b80a3d56a421809661de47ce0289bd1c93d0120f6ef211a4?s=96&d=mm&r=g","height":96,"width":96}},"publisher":{"@type":"Organization","name":"veflex.cz","logo":{"@type":"ImageObject","@id":"\/logo.png","url":"\/logo.png","width":600,"height":60}},"image":{"@type":"ImageObject","@id":"https:\/\/www.veflex.cz\/wp-content\/uploads\/img_a328230_w2673_t1540587140.jpg","url":"https:\/\/www.veflex.cz\/wp-content\/uploads\/img_a328230_w2673_t1540587140.jpg","height":0,"width":0},"url":"https:\/\/www.veflex.cz\/novy-zeland-raj-zajimavych-zvirat\/","about":["Zv\u00ed\u0159ata"],"wordCount":414,"articleBody":"&#13; Tu\u010d\u0148\u00e1k, kter\u00fd pob\u00edh\u00e1 po lese v Nov\u00e9m Z\u00e9landu, ne\u017eije pochopiteln\u011b n\u011bkde v bu\u0161i, ale vyb\u00edr\u00e1 si m\u00edsta u pob\u0159e\u017e\u00ed, kter\u00e1 jsou hust\u011b zarostl\u00e1 vegetac\u00ed. Tento druh tu\u010d\u0148\u00e1ka pat\u0159\u00ed mezi ohro\u017een\u00e9 druhy. M\u00e1 toti\u017e jen mal\u00e9 mo\u017enosti v\u00fdskytu. V p\u0159\u00edrod\u011b u\u017e bychom na\u0161li jen pouh\u00e9 necel\u00e9 \u010dty\u0159i tis\u00edce t\u011bchto pt\u00e1k\u016f.&#13; &#13; \u00b7 Nov\u00fd Z\u00e9land je v\u016fbec vyhl\u00e1\u0161en\u00fd t\u00edm, \u017ee tu \u017eij\u00ed zvl\u00e1\u0161tn\u00ed druhy zv\u00ed\u0159at a roste tu tak\u00e9 zvl\u00e1\u0161tn\u00ed vegetace. &#13; Vyvinulo se tu mnoho pt\u00e1k\u016f, kte\u0159\u00ed maj\u00ed nejen zaj\u00edmav\u00fd vzhled, ale i zp\u016fsob \u017eivota.&#13; &#8211; V\u011bdci p\u0159edpokl\u00e1daj\u00ed, \u017ee se Nov\u00fd Z\u00e9land odd\u011blil v dob\u011b, kdy je\u0161t\u011b Zemi neovl\u00e1dali savci.&#13; &#8211; M\u00edsto nich zaujali sv\u00e9 pevn\u00e9 pozice pt\u00e1ci.&#13; &#8211; T\u00edm, \u017ee nem\u011bli \u017e\u00e1dn\u00e9ho nep\u0159\u00edtele, nemuseli tr\u00e9novat let, a tak jim k\u0159\u00eddla pomalu zakrn\u011bla.&#13; &#13; &#13; Papou\u0161ek, kter\u00fd lov\u00ed ovce&#13; Jedna z\u00e1le\u017eitost je na cel\u00e9m sv\u011bt\u011b stejn\u00e1. Jsou zv\u00ed\u0159ata, kter\u00e1 jsou n\u00e1m sympatick\u00e1. P\u0159in\u00e1\u0161ej\u00ed n\u011bjak\u00fd u\u017eitek nebo je m\u00e1me jako dom\u00e1c\u00ed mazl\u00ed\u010dky. Pak jsou zv\u00ed\u0159ata, jejich\u017e existenci ani p\u0159\u00edli\u0161 nevn\u00edm\u00e1me. V\u011bt\u0161inou \u017eij\u00ed n\u011bkde skryt\u011b a svou p\u0159\u00edtomnost ned\u00e1vaj\u00ed najevo. A pak jsou druhy, kter\u00e9 n\u00e1m pij\u00ed krev. V n\u011bkter\u00fdch p\u0159\u00edpadech to plat\u00ed doslova. Sta\u010d\u00ed si vzpomenout na kom\u00e1ra.&#13; \u00b7 Na Nov\u00e9m Z\u00e9landu maj\u00ed probl\u00e9m s jin\u00fdm ok\u0159\u00eddlen\u00fdm tvorem.&#13; \u00b7 T\u00edm je papou\u0161ek nestor kea.&#13; Nemaj\u00ed ho r\u00e1di m\u00edstn\u00ed farm\u00e1\u0159i, proto\u017ee napad\u00e1 jejich ovce. Tento pt\u00e1k je p\u0159ibli\u017en\u011b p\u016fl metru dlouh\u00fd a v\u00e1\u017e\u00ed kolem jednoho kilogramu. Barva jeho pe\u0159\u00ed je olivov\u011b zelen\u00e1. Hlav\u011b v\u00e9vod\u00ed velk\u00fd, \u00fazk\u00fd hn\u011bdo \u2013 \u0161ed\u00fd zob\u00e1k.&#13; \u00b7 Zaj\u00edmav\u00fd je jeho zp\u016fsob hn\u00edzd\u011bn\u00ed. &#13; U pt\u00e1ka bychom v\u011bt\u0161inou h\u00e1dali, \u017ee bude bydlet na strom\u011b nebo v jeho dutin\u011b. Nestor kea hn\u00edzd\u00ed pod zem\u00ed. Sv\u00e9 obydl\u00ed hled\u00e1 pod ko\u0159eny strom\u016f nebo ve skaln\u00edch pr\u016frv\u00e1ch. K hn\u00edzdu v\u011bt\u0161inou vede chodba, kter\u00e1 je dlouh\u00e1 a\u017e \u0161est metr\u016f. Na jej\u00edm konci je kom\u016frka, kter\u00e1 je vystlan\u00e1 p\u0159\u00edrodn\u00edm materi\u00e1lem.&#13; &#8211; Nov\u00fd Z\u00e9land prost\u011b stoj\u00ed za to nav\u0161t\u00edvit.&#13; &#8211; Jinde toti\u017e n\u011bkter\u00e9 druhy neuvid\u00edte.&#13;                                                                                                                                                                                                                                                                                                                                                                                        3.9\/5 - (7 votes)        "},{"@context":"https:\/\/schema.org\/","@type":"BreadcrumbList","itemListElement":[{"@type":"ListItem","position":1,"name":"Nov\u00fd Z\u00e9land \u2013 r\u00e1j zaj\u00edmav\u00fdch zv\u00ed\u0159at","item":"https:\/\/www.veflex.cz\/novy-zeland-raj-zajimavych-zvirat\/#breadcrumbitem"}]}]