[{"@context":"https:\/\/schema.org\/","@type":"Article","@id":"https:\/\/www.veflex.cz\/novinka-od-nikonu-je-na-svete\/#Article","mainEntityOfPage":"https:\/\/www.veflex.cz\/novinka-od-nikonu-je-na-svete\/","headline":"Novinka od Nikonu je na sv\u011bt\u011b","name":"Novinka od Nikonu je na sv\u011bt\u011b","description":"O\u010dek\u00e1van\u00e1 novinka od Nikonu, zrcadlovka Nikon D850 je v\u00a0prodeji. Na trh se tak dost\u00e1v\u00e1 velmi v\u0161estrann\u00e1, odoln\u00e1 a v\u00fdkonn\u00e1 zrcadlovka. \u00a0 Jde o plnoform\u00e1tovou zrcadlovku ur\u010denou zejm\u00e9na pro profesion\u00e1ly, kter\u00e1 poskytuje skv\u011bl\u00e9 v\u00fdsledky jak v\u00a0ateli\u00e9ru, tak na pou\u0161ti. M\u016f\u017eete s\u00a0n\u00ed fotit portr\u00e9ty, svatby, krajinu, fashion, sport \u2013 pro sportovn\u00ed fotografii poskytuje rychlost sn\u00edm\u00e1n\u00ed 7 sn\u00edmk\u016f [&hellip;]","datePublished":"2023-05-11","dateModified":"2023-05-11","author":{"@type":"Person","@id":"https:\/\/www.veflex.cz\/author\/#Person","name":"","url":"https:\/\/www.veflex.cz\/author\/","identifier":1,"image":{"@type":"ImageObject","@id":"https:\/\/secure.gravatar.com\/avatar\/670235c08005d2f1b80a3d56a421809661de47ce0289bd1c93d0120f6ef211a4?s=96&d=mm&r=g","url":"https:\/\/secure.gravatar.com\/avatar\/670235c08005d2f1b80a3d56a421809661de47ce0289bd1c93d0120f6ef211a4?s=96&d=mm&r=g","height":96,"width":96}},"publisher":{"@type":"Organization","name":"veflex.cz","logo":{"@type":"ImageObject","@id":"\/logo.png","url":"\/logo.png","width":600,"height":60}},"image":{"@type":"ImageObject","@id":"https:\/\/www.veflex.cz\/wp-content\/uploads\/img_a292322_w2161_t1504765197.jpg","url":"https:\/\/www.veflex.cz\/wp-content\/uploads\/img_a292322_w2161_t1504765197.jpg","height":0,"width":0},"url":"https:\/\/www.veflex.cz\/novinka-od-nikonu-je-na-svete\/","wordCount":385,"articleBody":"O\u010dek\u00e1van\u00e1 novinka od Nikonu, zrcadlovka Nikon D850 je v\u00a0prodeji. Na trh se tak dost\u00e1v\u00e1 velmi v\u0161estrann\u00e1, odoln\u00e1 a v\u00fdkonn\u00e1 zrcadlovka.\u00a0Jde o plnoform\u00e1tovou zrcadlovku ur\u010denou zejm\u00e9na pro profesion\u00e1ly, kter\u00e1 poskytuje skv\u011bl\u00e9 v\u00fdsledky jak v\u00a0ateli\u00e9ru, tak na pou\u0161ti. M\u016f\u017eete s\u00a0n\u00ed fotit portr\u00e9ty, svatby, krajinu, fashion, sport \u2013 pro sportovn\u00ed fotografii poskytuje rychlost sn\u00edm\u00e1n\u00ed 7 sn\u00edmk\u016f za sekundu, kterou lze zv\u00fd\u0161it a\u017e na 9 sn\u00edmk\u016f za sekundu.L\u00e1kav\u00e1 je \u010distota sn\u00edmk\u016f, rychlost, p\u0159esnost a vlastn\u011b v\u0161echny dal\u0161\u00ed parametry. Jakoby se v\u00a0jej\u00edm t\u011ble snoubilo hned n\u011bkolik fotoapar\u00e1t\u016f.\u00a0153bodov\u00fd AF syst\u00e9m umo\u017e\u0148uje velmi p\u0159esn\u00e9 m\u011b\u0159en\u00ed. M\u016f\u017eete s\u00a0n\u00ed bez obav fotit i s\u00a0automatick\u00fdm nastaven\u00edm expozice za velmi \u0161patn\u00fdch sv\u011bteln\u00fdch podm\u00ednek. Dokonalost poskytuje i pro sn\u00edm\u00e1n\u00ed videosekvenc\u00ed.\u00a0M\u00e1 rozli\u0161en\u00ed 45,7 megapixel\u016f, v\u00a0RAW form\u00e1tu s\u00a0n\u00ed m\u016f\u017eete fotit dle pot\u0159eby sn\u00edmky o rozli\u0161en\u00ed 45,4 megapixel\u016f, 25,6 megapixel\u016f \u010di 11,4 megapixel\u016f.\u00a0Zkr\u00e1tka poskytuje velkou flexibilitu, \u010dist\u00e9, v\u00fdjime\u010dn\u011b ostr\u00e9 sn\u00edmky, v\u010detn\u011b makrofotografie. Nemus\u00edte se ob\u00e1vat vliv\u016f prost\u0159ed\u00ed, nebo\u0165 je ut\u011bsn\u011bn\u00e1 proti pov\u011btrnostn\u00edm vliv\u016fm.\u00a0Zat\u00edm jsme ji nem\u011bli mo\u017enost vyzkou\u0161et. T\u00e9m\u011b\u0159 se zd\u00e1, jakoby d\u011blala v\u00fdborn\u00e9 sn\u00edmky sama o sob\u011b. Pravdou ale v\u017edy z\u016fstane, \u017ee fotografie d\u011bl\u00e1 fotograf. Tak\u017ee v\u00a0rukou dobr\u00fdch fotograf\u016f, p\u0159inese jist\u011b neuv\u011b\u0159iteln\u011b kr\u00e1sn\u00e9 a dokonal\u00e9 v\u00fdsledky a jim poskytne prostor pro jejich kreativitu.\u00a0Pro ty, kte\u0159\u00ed dok\u00e1\u017e\u00ed maxim\u00e1ln\u011b vyu\u017e\u00edt cel\u00fd jej\u00ed potenci\u00e1l, je to n\u00e1dhern\u00fd, dokonal\u00fd n\u00e1stroj, kter\u00fd m\u016f\u017ee posunout pr\u00e1ci mnoha fotograf\u016f na novou \u00farove\u0148 a p\u0159in\u00e9st jim nov\u00e9 pocity z\u00a0jejich vlastn\u00ed pr\u00e1ce.\u00a0V\u00fdvoj techniky je t\u00e9m\u011b\u0159 neuv\u011b\u0159iteln\u00fd. To, o \u010dem se n\u00e1m p\u0159ed n\u011bjak\u00fdmi 30 lety jen snilo, se dnes st\u00e1v\u00e1 skute\u010dnost\u00ed. Klobouk dol\u016f pro v\u0161echny, kte\u0159\u00ed st\u00e1le posouvaj\u00ed hranice mo\u017enost\u00ed. N\u00e1m, kte\u0159\u00ed nejsme pr\u016fkopn\u00edky ani v\u00fdzkumn\u00edky, to poskytuje nov\u00e9, lep\u0161\u00ed n\u00e1stroje, kter\u00e9 n\u00e1m umo\u017e\u0148uj\u00ed d\u011blat lep\u0161\u00ed pr\u00e1ci.                                                                                                                                                                                                                                                                                                                                                                                        4.5\/5 - (8 votes)        "},{"@context":"https:\/\/schema.org\/","@type":"BreadcrumbList","itemListElement":[{"@type":"ListItem","position":1,"name":"Novinka od Nikonu je na sv\u011bt\u011b","item":"https:\/\/www.veflex.cz\/novinka-od-nikonu-je-na-svete\/#breadcrumbitem"}]}]