[{"@context":"https:\/\/schema.org\/","@type":"Article","@id":"https:\/\/www.veflex.cz\/hit-poslednich-let-cestovani-karavanem\/#Article","mainEntityOfPage":"https:\/\/www.veflex.cz\/hit-poslednich-let-cestovani-karavanem\/","headline":"Hit posledn\u00edch let: cestov\u00e1n\u00ed karavanem","name":"Hit posledn\u00edch let: cestov\u00e1n\u00ed karavanem","description":"R\u00e1di cestujete a nesn\u00e1\u0161\u00edte, kdy\u017e mus\u00edte sv\u011b\u0159it \u0159\u00edzen\u00ed n\u011bkomu jin\u00e9mu? Ned\u011blaj\u00ed v\u00e1m dob\u0159e letadla a vlak\u016f se p\u0159\u00edmo d\u011bs\u00edte? Autobusy jsou nepohodln\u00e9 a velmi nep\u0159\u00edjemn\u00e9 v\u00a0tom, \u017ee o ni\u010dem nerozhodujete. P\u0159esto nemilujete nic v\u00edc ne\u017e pr\u00e1v\u011b cestov\u00e1n\u00ed? &#8211;\u00a0\u00a0\u00a0\u00a0\u00a0\u00a0\u00a0\u00a0\u00a0 M\u00e1te rodinu? Ocen\u00edte komfort i prostor Pokud m\u00e1te d\u011bti, ur\u010dit\u011b v\u00edte, jak je cestov\u00e1n\u00ed, kter\u00e9 nem\u016f\u017eete ovlivnit, [&hellip;]","datePublished":"2023-05-11","dateModified":"2023-05-11","author":{"@type":"Person","@id":"https:\/\/www.veflex.cz\/author\/#Person","name":"","url":"https:\/\/www.veflex.cz\/author\/","identifier":1,"image":{"@type":"ImageObject","@id":"https:\/\/secure.gravatar.com\/avatar\/670235c08005d2f1b80a3d56a421809661de47ce0289bd1c93d0120f6ef211a4?s=96&d=mm&r=g","url":"https:\/\/secure.gravatar.com\/avatar\/670235c08005d2f1b80a3d56a421809661de47ce0289bd1c93d0120f6ef211a4?s=96&d=mm&r=g","height":96,"width":96}},"publisher":{"@type":"Organization","name":"veflex.cz","logo":{"@type":"ImageObject","@id":"\/logo.png","url":"\/logo.png","width":600,"height":60}},"image":{"@type":"ImageObject","@id":"https:\/\/www.veflex.cz\/wp-content\/uploads\/img_a288237_w2235_t1498670627.jpg","url":"https:\/\/www.veflex.cz\/wp-content\/uploads\/img_a288237_w2235_t1498670627.jpg","height":0,"width":0},"url":"https:\/\/www.veflex.cz\/hit-poslednich-let-cestovani-karavanem\/","wordCount":417,"articleBody":"R\u00e1di cestujete a nesn\u00e1\u0161\u00edte, kdy\u017e mus\u00edte sv\u011b\u0159it \u0159\u00edzen\u00ed n\u011bkomu jin\u00e9mu? Ned\u011blaj\u00ed v\u00e1m dob\u0159e letadla a vlak\u016f se p\u0159\u00edmo d\u011bs\u00edte? Autobusy jsou nepohodln\u00e9 a velmi nep\u0159\u00edjemn\u00e9 v\u00a0tom, \u017ee o ni\u010dem nerozhodujete. P\u0159esto nemilujete nic v\u00edc ne\u017e pr\u00e1v\u011b cestov\u00e1n\u00ed?&#8211;\u00a0\u00a0\u00a0\u00a0\u00a0\u00a0\u00a0\u00a0\u00a0 M\u00e1te rodinu? Ocen\u00edte komfort i prostor Pokud m\u00e1te d\u011bti, ur\u010dit\u011b v\u00edte, jak je cestov\u00e1n\u00ed, kter\u00e9 nem\u016f\u017eete ovlivnit, n\u00e1ro\u010dn\u00e9. Zvl\u00e1\u0161\u0165 pokud jedete autobusem, kter\u00e9mu nem\u016f\u017eete poru\u010dit, aby zastavil, kdykoli d\u00edt\u011b n\u011bco pot\u0159ebuje, nebo kdy\u017e nem\u016f\u017eete zastavit u hotelu a p\u0159espat tam. Zvl\u00e1\u0161\u0165 d\u011bti ocen\u00ed pohyb, kter\u00e1 po karavanu mohou m\u00edt, a samoz\u0159ejm\u011b v\u0161echno k\u00a0dispozici. Mohou le\u017eet v\u00a0postel\u00edch nebo sed\u011bt u stolu, nen\u00ed nic snaz\u0161\u00edho ne\u017e si po\u0159\u00eddit karavan.\tBez cestovn\u00ed kancel\u00e1\u0159eNen\u00ed nic otravn\u011bj\u0161\u00edho ne\u017e cestovn\u00ed kancel\u00e1\u0159e, kter\u00e9 si k\u00a0u\u017e tak drah\u00e9mu z\u00e1jezdu nechaj\u00ed je\u0161t\u011b zaplatit obrovsk\u00fd obnos za za\u0159\u00edzen\u00ed v\u0161eho, co pot\u0159ebujete, zvl\u00e1\u0161\u0165 pokud cestujete do zahrani\u010d\u00ed. Pokud opravu \u010dasto cestujete, ocen\u00edte v\u00a0prv\u00e9 \u0159ad\u011b to, \u017ee cestujete i s\u00a0hotelem, kter\u00fd dob\u0159e zn\u00e1te. Ve va\u0161em karavanu se v\u00e1m nem\u016f\u017ee nic zn\u00e1t. Nav\u00edc m\u016f\u017eete zastavit t\u00e9m\u011b\u0159 kdekoliv a u\u017e\u00edvat si netradi\u010dn\u00ed m\u00edsta k \u201eubytov\u00e1n\u00ed\u201c.&#8211;\u00a0\u00a0\u00a0\u00a0\u00a0\u00a0\u00a0\u00a0\u00a0 Do dlouhodob\u00e9ho hlediska jednozna\u010dn\u011b u\u0161et\u0159\u00edtePokud cestujete \u010dasto a chcete vyjet na dlouh\u00e9 t\u00fddny, p\u0159i\u010dem\u017e by se ubytov\u00e1n\u00ed v\u00a0hotelu nebo v\u00a0penzionu \u010di bungalovu prodra\u017eilo, je samoz\u0159ejm\u00e9, \u017ee karavan, nebo tak\u00e9 domek na kole\u010dk\u00e1ch, nekone\u010dn\u011b ocen\u00edte.VEZM\u011aTE S\u00a0SEBOU MAZL\u00cd\u010cKA, ALE TAK\u00c9 SV\u00c9 D\u011aTIV\u011bt\u0161ina mal\u00fdch d\u011bt\u00ed nedok\u00e1\u017ee vydr\u017eet v\u00a0aut\u011b ani v\u00a0autobuse. Proto je karavan ide\u00e1ln\u00ed, pokud m\u00e1te mal\u00e9 d\u011bti a velkou rodinu. Z\u00a0dlouhodob\u00e9ho hlediska u\u0161et\u0159\u00edte tis\u00edce korun za ubytov\u00e1n\u00ed!\tNet\u0159eba vybalovat!Zavazadla, se kter\u00fdmi cestujete, nemus\u00edte nikde vybalovat. Nav\u00edc m\u016f\u017eete zastavit t\u00e9m\u011b\u0159 kdekoliv a v\u00a0karavanu vlastn\u011b bydlet. M\u016f\u017eete si zaplatit velmi levnou mo\u017enost zaparkovat v\u00a0autokempech u mo\u0159e, m\u016f\u017eete jet prakticky po cel\u00e9 Evrop\u011b.Vyrazte s\u00a0karavanem na cesty a bu\u010fte zcela samostatn\u00ed \u2013 m\u016f\u017eete jet svobodn\u011b po vlastn\u00ed ose, nik\u00fdm neomezeni.\u00a0                                                                                                                                                                                                                                                                                                                                                                                        4.2\/5 - (8 votes)        "},{"@context":"https:\/\/schema.org\/","@type":"BreadcrumbList","itemListElement":[{"@type":"ListItem","position":1,"name":"Hit posledn\u00edch let: cestov\u00e1n\u00ed karavanem","item":"https:\/\/www.veflex.cz\/hit-poslednich-let-cestovani-karavanem\/#breadcrumbitem"}]}]