{"@context":"https:\/\/schema.org\/","@type":"CollectionPage","@id":"https:\/\/www.veflex.cz\/auto-moto\/#CollectionPage","headline":"Auto moto\r Category","description":"","url":"https:\/\/www.veflex.cz\/auto-moto\/","hasPart":[{"@type":"Article","@id":"https:\/\/www.veflex.cz\/jakou-peci-potrebuji-auta-v-zime\/","headline":"Jakou p\u00e9\u010di pot\u0159ebuj\u00ed auta v zim\u011b","url":"https:\/\/www.veflex.cz\/jakou-peci-potrebuji-auta-v-zime\/","datePublished":"2022-12-13","dateModified":"2022-12-13","mainEntityOfPage":"https:\/\/www.veflex.cz\/jakou-peci-potrebuji-auta-v-zime\/","author":{"@type":"Person","@id":"https:\/\/www.veflex.cz\/author\/#Person","name":"","url":"https:\/\/www.veflex.cz\/author\/","identifier":1,"image":{"@type":"ImageObject","@id":"https:\/\/secure.gravatar.com\/avatar\/670235c08005d2f1b80a3d56a421809661de47ce0289bd1c93d0120f6ef211a4?s=96&d=mm&r=g","url":"https:\/\/secure.gravatar.com\/avatar\/670235c08005d2f1b80a3d56a421809661de47ce0289bd1c93d0120f6ef211a4?s=96&d=mm&r=g","height":96,"width":96}},"publisher":{"@type":"Organization","name":"veflex.cz","logo":{"@type":"ImageObject","@id":"\/logo.png","url":"\/logo.png","width":600,"height":60}},"image":{"@type":"ImageObject","@id":"https:\/\/www.veflex.cz\/wp-content\/uploads\/auto30.jpg","url":"https:\/\/www.veflex.cz\/wp-content\/uploads\/auto30.jpg","height":0,"width":0},"keywords":null},{"@type":"Article","@id":"https:\/\/www.veflex.cz\/zavodni-auto\/","headline":"Z\u00e1vodn\u00ed auto","url":"https:\/\/www.veflex.cz\/zavodni-auto\/","datePublished":"2022-06-01","dateModified":"2023-05-11","mainEntityOfPage":"https:\/\/www.veflex.cz\/zavodni-auto\/","author":{"@type":"Person","@id":"https:\/\/www.veflex.cz\/author\/#Person","name":"","url":"https:\/\/www.veflex.cz\/author\/","identifier":1,"image":{"@type":"ImageObject","@id":"https:\/\/secure.gravatar.com\/avatar\/670235c08005d2f1b80a3d56a421809661de47ce0289bd1c93d0120f6ef211a4?s=96&d=mm&r=g","url":"https:\/\/secure.gravatar.com\/avatar\/670235c08005d2f1b80a3d56a421809661de47ce0289bd1c93d0120f6ef211a4?s=96&d=mm&r=g","height":96,"width":96}},"publisher":{"@type":"Organization","name":"veflex.cz","logo":{"@type":"ImageObject","@id":"\/logo.png","url":"\/logo.png","width":600,"height":60}},"image":{"@type":"ImageObject","@id":"https:\/\/www.veflex.cz\/wp-content\/uploads\/workshop-3758513_960_720_1.jpg","url":"https:\/\/www.veflex.cz\/wp-content\/uploads\/workshop-3758513_960_720_1.jpg","height":0,"width":0},"keywords":null},{"@type":"Article","@id":"https:\/\/www.veflex.cz\/dulezite-je-mit-hlavne-sve-auto-nebo-motorku\/","headline":"D\u016fle\u017eit\u00e9 je m\u00edt hlavn\u011b sv\u00e9 auto nebo motorku","url":"https:\/\/www.veflex.cz\/dulezite-je-mit-hlavne-sve-auto-nebo-motorku\/","datePublished":"2022-05-05","dateModified":"2023-05-11","mainEntityOfPage":"https:\/\/www.veflex.cz\/dulezite-je-mit-hlavne-sve-auto-nebo-motorku\/","author":{"@type":"Person","@id":"https:\/\/www.veflex.cz\/author\/#Person","name":"","url":"https:\/\/www.veflex.cz\/author\/","identifier":1,"image":{"@type":"ImageObject","@id":"https:\/\/secure.gravatar.com\/avatar\/670235c08005d2f1b80a3d56a421809661de47ce0289bd1c93d0120f6ef211a4?s=96&d=mm&r=g","url":"https:\/\/secure.gravatar.com\/avatar\/670235c08005d2f1b80a3d56a421809661de47ce0289bd1c93d0120f6ef211a4?s=96&d=mm&r=g","height":96,"width":96}},"publisher":{"@type":"Organization","name":"veflex.cz","logo":{"@type":"ImageObject","@id":"\/logo.png","url":"\/logo.png","width":600,"height":60}},"image":{"@type":"ImageObject","@id":"https:\/\/www.veflex.cz\/wp-content\/uploads\/mo_7.JPG","url":"https:\/\/www.veflex.cz\/wp-content\/uploads\/mo_7.JPG","height":0,"width":0},"keywords":null},{"@type":"Article","@id":"https:\/\/www.veflex.cz\/auta-a-seniori-pohroma-nebo-pomoc\/","headline":"Auta a senio\u0159i \u2013 pohroma nebo pomoc?","url":"https:\/\/www.veflex.cz\/auta-a-seniori-pohroma-nebo-pomoc\/","datePublished":"2019-10-07","dateModified":"2023-05-11","mainEntityOfPage":"https:\/\/www.veflex.cz\/auta-a-seniori-pohroma-nebo-pomoc\/","author":{"@type":"Person","@id":"https:\/\/www.veflex.cz\/author\/#Person","name":"","url":"https:\/\/www.veflex.cz\/author\/","identifier":1,"image":{"@type":"ImageObject","@id":"https:\/\/secure.gravatar.com\/avatar\/670235c08005d2f1b80a3d56a421809661de47ce0289bd1c93d0120f6ef211a4?s=96&d=mm&r=g","url":"https:\/\/secure.gravatar.com\/avatar\/670235c08005d2f1b80a3d56a421809661de47ce0289bd1c93d0120f6ef211a4?s=96&d=mm&r=g","height":96,"width":96}},"publisher":{"@type":"Organization","name":"veflex.cz","logo":{"@type":"ImageObject","@id":"\/logo.png","url":"\/logo.png","width":600,"height":60}},"image":{"@type":"ImageObject","@id":"https:\/\/www.veflex.cz\/wp-content\/uploads\/img_a357480_w3303_t1572093181.jpg","url":"https:\/\/www.veflex.cz\/wp-content\/uploads\/img_a357480_w3303_t1572093181.jpg","height":0,"width":0},"keywords":null}]}