[{"@context":"https:\/\/schema.org\/","@type":"Article","@id":"https:\/\/www.veflex.cz\/auta-a-seniori-pohroma-nebo-pomoc\/#Article","mainEntityOfPage":"https:\/\/www.veflex.cz\/auta-a-seniori-pohroma-nebo-pomoc\/","headline":"Auta a senio\u0159i \u2013 pohroma nebo pomoc?","name":"Auta a senio\u0159i \u2013 pohroma nebo pomoc?","description":"Senio\u0159i za volantem b\u00fdvaj\u00ed pro ostatn\u00ed \u0159idi\u010de \u010dasto trnem v oku. Nad\u00e1vaj\u00ed jim do \u010depi\u010d\u00e1\u0159\u016f, ned\u011bln\u00edch \u0159idi\u010d\u016f a v\u011bt\u0161inou si jich v\u016fbec nev\u00e1\u017e\u00ed. \u0158idi\u010di senio\u0159i jsou \u010dasto pokl\u00e1d\u00e1ni za ty, co zp\u016fsobuj\u00ed hodn\u011b nehod. \u010casto se objevuj\u00ed i vol\u00e1n\u00ed po odebr\u00e1n\u00ed \u0159idi\u010dsk\u00e9ho pr\u016fkazu od ur\u010dit\u00e9ho v\u011bku. Je to ale opravdu tak v\u00e1\u017en\u00e9?&#13; &#13; &#13; &#13; [&hellip;]","datePublished":"2019-10-07","dateModified":"2023-05-11","author":{"@type":"Person","@id":"https:\/\/www.veflex.cz\/author\/#Person","name":"","url":"https:\/\/www.veflex.cz\/author\/","identifier":1,"image":{"@type":"ImageObject","@id":"https:\/\/secure.gravatar.com\/avatar\/670235c08005d2f1b80a3d56a421809661de47ce0289bd1c93d0120f6ef211a4?s=96&d=mm&r=g","url":"https:\/\/secure.gravatar.com\/avatar\/670235c08005d2f1b80a3d56a421809661de47ce0289bd1c93d0120f6ef211a4?s=96&d=mm&r=g","height":96,"width":96}},"publisher":{"@type":"Organization","name":"veflex.cz","logo":{"@type":"ImageObject","@id":"\/logo.png","url":"\/logo.png","width":600,"height":60}},"image":{"@type":"ImageObject","@id":"https:\/\/www.veflex.cz\/wp-content\/uploads\/img_a357480_w3303_t1572093181.jpg","url":"https:\/\/www.veflex.cz\/wp-content\/uploads\/img_a357480_w3303_t1572093181.jpg","height":0,"width":0},"url":"https:\/\/www.veflex.cz\/auta-a-seniori-pohroma-nebo-pomoc\/","about":["Auto moto\r"],"wordCount":439,"articleBody":"Senio\u0159i za volantem b\u00fdvaj\u00ed pro ostatn\u00ed \u0159idi\u010de \u010dasto trnem v oku. Nad\u00e1vaj\u00ed jim do \u010depi\u010d\u00e1\u0159\u016f, ned\u011bln\u00edch \u0159idi\u010d\u016f a v\u011bt\u0161inou si jich v\u016fbec nev\u00e1\u017e\u00ed. \u0158idi\u010di senio\u0159i jsou \u010dasto pokl\u00e1d\u00e1ni za ty, co zp\u016fsobuj\u00ed hodn\u011b nehod. \u010casto se objevuj\u00ed i vol\u00e1n\u00ed po odebr\u00e1n\u00ed \u0159idi\u010dsk\u00e9ho pr\u016fkazu od ur\u010dit\u00e9ho v\u011bku. Je to ale opravdu tak v\u00e1\u017en\u00e9?&#13; &#13; &#13; &#13; \u00b7 Kdy senior m\u016f\u017ee norm\u00e1ln\u011b \u0159\u00eddit&#13; &#13; Senio\u0159i mohou \u0159\u00eddit, pokud chod\u00ed na pravidelnou prohl\u00eddku k l\u00e9ka\u0159i, nech\u00e1v\u00e1 se pravideln\u011b posoudit kv\u016fli \u0159idi\u010dsk\u00e9mu pr\u016fkazu, m\u00e1 vy\u0161et\u0159en\u00fd zrak i sluch a nem\u00e1 probl\u00e9my s reakcemi. V\u011bt\u0161ina \u0159idi\u010d\u016f \u0159\u00edd\u00ed i \u010d\u00e1st seniorsk\u00e9ho v\u011bku, jak dlouho je to ale zdrav\u00e9? Tak p\u0159edev\u0161\u00edm je d\u016fle\u017eit\u00e9, aby se senior na \u0159\u00edzen\u00ed s\u00e1m c\u00edtil. Mus\u00ed se b\u00fdt schopen soust\u0159edit, v\u010das reagovat a dok\u00e1zat se zapojit do hust\u00e9ho silni\u010dn\u00edho provozu bez paniky a strachu. Pokud to v\u0161e zvl\u00e1d\u00e1, nen\u00ed d\u016fvod k odeb\u00edr\u00e1n\u00ed \u0159idi\u010dsk\u00e9ho pr\u016fkazu. St\u00e1\u0159\u00ed \u010dlov\u011bka nemus\u00ed nutn\u011b znamenat to, \u017ee nezvl\u00e1d\u00e1 \u0159\u00eddit.&#13; &#13; &#13; \u00b7 Kdy by senior \u0159\u00eddit nem\u011bl&#13; &#13; Z\u00e1sadn\u00ed je zdravotn\u00ed stav seniora, ten posoud\u00ed pouze l\u00e9ka\u0159. Pokud l\u00e9ka\u0159 uzn\u00e1, \u017ee by senior \u0159\u00eddit nem\u011bl, pak by m\u011bl senior ustoupit a \u0159idi\u010dsk\u00e9ho pr\u016fkazu by se m\u011bl vzd\u00e1t. Chv\u00edli to trv\u00e1, ne\u017e si senior uv\u011bdom\u00ed, \u017ee to l\u00e9ka\u0159 nemysl\u00ed zle ale, \u017ee skrze nemoc \u010di siln\u00e9 l\u00e9ky nem\u00e1 takov\u00e9 reakce jako d\u0159\u00edve a prost\u011b u\u017e se do silni\u010dn\u00edho provozu nehod\u00ed. Zpozorn\u011bte tak\u00e9, pokud m\u00e1 senior \u010dasto \u201emal\u00e9\u201c nehody, kter\u00e9 zp\u016fsobil. Seniorovi m\u016f\u017ee chv\u00edli trvat, ne\u017e se s nov\u00fdm stavem sm\u00ed\u0159\u00ed, je nutn\u00e9 se ale tak\u00e9 zapojit. To, \u017ee senior p\u0159ijde o \u0159idi\u010dsk\u00fd pr\u016fkaz, \u010dasto znamen\u00e1, \u017ee je m\u00e9n\u011b mobiln\u00ed. Sn\u00ed\u017een\u00e1 mobilita u senior\u016f je velk\u00fd probl\u00e9m a je pot\u0159eba aby se v tomto p\u0159\u00edpad\u011b zapojila do p\u00e9\u010de i rodina. Seniory je nutn\u00e9 vozit k l\u00e9ka\u0159i a n\u011bkdy tak\u00e9 ud\u011blat velk\u00fd n\u00e1kup a tyto probl\u00e9my se \u010dasto \u0161patn\u011b \u0159e\u0161\u00ed bez auta.&#13; &#13; Pokud vid\u00edte na va\u0161em p\u0159\u00edbuzn\u00e9m seniorovi, \u017ee u\u017e \u0159\u00edzen\u00ed nezvl\u00e1d\u00e1, zkuste si s n\u00edm promluvit o dan\u00e9m probl\u00e9mu a za\u0159i\u010fte mu kontrolu u l\u00e9ka\u0159e, kter\u00e1 m\u016f\u017ee b\u00fdt rozhoduj\u00edc\u00ed.&#13;                                                                                                                                                                                                                                                                                                                                                                                         4.6\/5 - (7 votes)        "},{"@context":"https:\/\/schema.org\/","@type":"BreadcrumbList","itemListElement":[{"@type":"ListItem","position":1,"name":"Auta a senio\u0159i \u2013 pohroma nebo pomoc?","item":"https:\/\/www.veflex.cz\/auta-a-seniori-pohroma-nebo-pomoc\/#breadcrumbitem"}]}]